{"id":488,"date":"2026-02-03T07:04:32","date_gmt":"2026-02-03T13:04:32","guid":{"rendered":"https:\/\/www.isaac-del-toro.mx\/isaac-del-toro-debutto-uae-tour-2026\/"},"modified":"2026-02-03T07:04:36","modified_gmt":"2026-02-03T13:04:36","slug":"isaac-del-toro-debutto-uae-tour-2026","status":"publish","type":"post","link":"https:\/\/www.isaac-del-toro.mx\/it\/isaac-del-toro-debutto-uae-tour-2026\/","title":{"rendered":"Isaac del Toro pronto per il debutto all&#8217;UAE Tour 2026"},"content":{"rendered":"<p>Il ciclismo mondiale si prepara ad accogliere una nuova sfida emozionante: Isaac del Toro far\u00e0 il suo atteso debutto all&#8217;UAE Tour 2026, che si svolger\u00e0 dal 16 al 22 febbraio. Il talentuoso corridore messicano si trover\u00e0 faccia a faccia con alcuni dei pi\u00f9 grandi nomi del ciclismo internazionale, tra cui Jonas Vingegaard e Remco Evenepoel.<\/p>\n\n<h2>Una settimana di grande ciclismo negli Emirati<\/h2>\n<p>L&#8217;UAE Tour 2026 si preannuncia come un evento di altissimo livello, strutturato su sette tappe che metteranno alla prova le capacit\u00e0 dei corridori su diversi terreni. Il percorso includer\u00e0 una prova a cronometro di 12,2 chilometri e due arrivi in salita, offrendo un mix perfetto per i pretendenti alla vittoria finale.<\/p>\n\n<h2>Del Toro, seconda punta del Team UAE Emirates<\/h2>\n<p>In assenza del campione Tadej Pogacar, il Team UAE Emirates si presenter\u00e0 al via con una formazione comunque competitiva. Del Toro correr\u00e0 al fianco di Jay Vine, assumendo il ruolo di seconda opzione per la squadra emiratina. Una responsabilit\u00e0 importante per il giovane messicano, che avr\u00e0 l&#8217;opportunit\u00e0 di mettersi in mostra in una delle corse a tappe pi\u00f9 prestigiose di inizio stagione.<\/p>\n\n<h2>Un campo partenti di altissimo livello<\/h2>\n<p>La presenza di campioni del calibro di Jonas Vingegaard e Remco Evenepoel garantisce uno spettacolo di primissimo piano. La competizione si preannuncia particolarmente accesa, con ogni tappa che potrebbe rivelarsi decisiva per le sorti della classifica generale.<\/p>","protected":false},"excerpt":{"rendered":"<p>Il ciclismo mondiale si prepara ad accogliere una nuova sfida emozionante: Isaac del Toro far\u00e0 il suo atteso debutto all&#8217;UAE [&hellip;]<\/p>\n","protected":false},"author":1,"featured_media":496,"comment_status":"open","ping_status":"open","sticky":false,"template":"","format":"standard","meta":{"footnotes":""},"categories":[29,48],"tags":[],"class_list":["post-488","post","type-post","status-publish","format-standard","has-post-thumbnail","hentry","category-nachrichten","category-notizie"],"yoast_head":"<!-- This site is optimized with the Yoast SEO plugin v27.1.1 - https:\/\/yoast.com\/product\/yoast-seo-wordpress\/ -->\n<title>Isaac del Toro far\u00e0 il suo esordio all&#039;UAE Tour 2026 | Ciclismo<\/title>\n<meta name=\"description\" content=\"Il talento messicano Isaac del Toro parteciper\u00e0 all&#039;UAE Tour 2026, sfidando campioni come Vingegaard ed Evenepoel in una corsa di sette tappe dal 16 al 22 febbraio.\" \/>\n<meta name=\"robots\" content=\"index, follow, max-snippet:-1, max-image-preview:large, max-video-preview:-1\" \/>\n<link rel=\"canonical\" href=\"https:\/\/www.isaac-del-toro.mx\/it\/isaac-del-toro-debutto-uae-tour-2026\/\" \/>\n<meta property=\"og:locale\" content=\"it_IT\" \/>\n<meta property=\"og:type\" content=\"article\" \/>\n<meta property=\"og:title\" content=\"Isaac del Toro far\u00e0 il suo esordio all&#039;UAE Tour 2026 | Ciclismo\" \/>\n<meta property=\"og:description\" content=\"Il talento messicano Isaac del Toro parteciper\u00e0 all&#039;UAE Tour 2026, sfidando campioni come Vingegaard ed Evenepoel in una corsa di sette tappe dal 16 al 22 febbraio.\" \/>\n<meta property=\"og:url\" content=\"https:\/\/www.isaac-del-toro.mx\/it\/isaac-del-toro-debutto-uae-tour-2026\/\" \/>\n<meta property=\"og:site_name\" content=\"Isaac del Toro Romero\" \/>\n<meta property=\"article:published_time\" content=\"2026-02-03T13:04:32+00:00\" \/>\n<meta property=\"article:modified_time\" content=\"2026-02-03T13:04:36+00:00\" \/>\n<meta property=\"og:image\" content=\"https:\/\/www.isaac-del-toro.mx\/wp-content\/uploads\/2026\/02\/job-5-20260203132616.webp\" \/>\n\t<meta property=\"og:image:width\" content=\"1024\" \/>\n\t<meta property=\"og:image:height\" content=\"1024\" \/>\n\t<meta property=\"og:image:type\" content=\"image\/webp\" \/>\n<meta name=\"author\" content=\"Frank\" \/>\n<meta name=\"twitter:card\" content=\"summary_large_image\" \/>\n<meta name=\"twitter:label1\" content=\"Scritto da\" \/>\n\t<meta name=\"twitter:data1\" content=\"Frank\" \/>\n\t<meta name=\"twitter:label2\" content=\"Tempo di lettura stimato\" \/>\n\t<meta name=\"twitter:data2\" content=\"1 minuto\" \/>\n<script type=\"application\/ld+json\" class=\"yoast-schema-graph\">{\"@context\":\"https:\/\/schema.org\",\"@graph\":[{\"@type\":\"Article\",\"@id\":\"https:\/\/www.isaac-del-toro.mx\/it\/isaac-del-toro-debutto-uae-tour-2026\/#article\",\"isPartOf\":{\"@id\":\"https:\/\/www.isaac-del-toro.mx\/it\/isaac-del-toro-debutto-uae-tour-2026\/\"},\"author\":{\"name\":\"Frank\",\"@id\":\"https:\/\/www.isaac-del-toro.mx\/it\/#\/schema\/person\/dcd12bccf645d7a2112bdb90aa7ff9f2\"},\"headline\":\"Isaac del Toro pronto per il debutto all&#8217;UAE Tour 2026\",\"datePublished\":\"2026-02-03T13:04:32+00:00\",\"dateModified\":\"2026-02-03T13:04:36+00:00\",\"mainEntityOfPage\":{\"@id\":\"https:\/\/www.isaac-del-toro.mx\/it\/isaac-del-toro-debutto-uae-tour-2026\/\"},\"wordCount\":234,\"commentCount\":0,\"publisher\":{\"@id\":\"https:\/\/www.isaac-del-toro.mx\/it\/#\/schema\/person\/7cbbcf16bd93d1b98eeb4ab7a1fbd7ba\"},\"image\":{\"@id\":\"https:\/\/www.isaac-del-toro.mx\/it\/isaac-del-toro-debutto-uae-tour-2026\/#primaryimage\"},\"thumbnailUrl\":\"https:\/\/www.isaac-del-toro.mx\/wp-content\/uploads\/2026\/02\/isaac-del-toro-uae-tour-2026-scaled.webp\",\"articleSection\":[\"Nachrichten\",\"Notizie\"],\"inLanguage\":\"it-IT\",\"potentialAction\":[{\"@type\":\"CommentAction\",\"name\":\"Comment\",\"target\":[\"https:\/\/www.isaac-del-toro.mx\/it\/isaac-del-toro-debutto-uae-tour-2026\/#respond\"]}]},{\"@type\":\"WebPage\",\"@id\":\"https:\/\/www.isaac-del-toro.mx\/it\/isaac-del-toro-debutto-uae-tour-2026\/\",\"url\":\"https:\/\/www.isaac-del-toro.mx\/it\/isaac-del-toro-debutto-uae-tour-2026\/\",\"name\":\"Isaac del Toro far\u00e0 il suo esordio all'UAE Tour 2026 | Ciclismo\",\"isPartOf\":{\"@id\":\"https:\/\/www.isaac-del-toro.mx\/it\/#website\"},\"primaryImageOfPage\":{\"@id\":\"https:\/\/www.isaac-del-toro.mx\/it\/isaac-del-toro-debutto-uae-tour-2026\/#primaryimage\"},\"image\":{\"@id\":\"https:\/\/www.isaac-del-toro.mx\/it\/isaac-del-toro-debutto-uae-tour-2026\/#primaryimage\"},\"thumbnailUrl\":\"https:\/\/www.isaac-del-toro.mx\/wp-content\/uploads\/2026\/02\/isaac-del-toro-uae-tour-2026-scaled.webp\",\"datePublished\":\"2026-02-03T13:04:32+00:00\",\"dateModified\":\"2026-02-03T13:04:36+00:00\",\"description\":\"Il talento messicano Isaac del Toro parteciper\u00e0 all'UAE Tour 2026, sfidando campioni come Vingegaard ed Evenepoel in una corsa di sette tappe dal 16 al 22 febbraio.\",\"breadcrumb\":{\"@id\":\"https:\/\/www.isaac-del-toro.mx\/it\/isaac-del-toro-debutto-uae-tour-2026\/#breadcrumb\"},\"inLanguage\":\"it-IT\",\"potentialAction\":[{\"@type\":\"ReadAction\",\"target\":[\"https:\/\/www.isaac-del-toro.mx\/it\/isaac-del-toro-debutto-uae-tour-2026\/\"]}]},{\"@type\":\"ImageObject\",\"inLanguage\":\"it-IT\",\"@id\":\"https:\/\/www.isaac-del-toro.mx\/it\/isaac-del-toro-debutto-uae-tour-2026\/#primaryimage\",\"url\":\"https:\/\/www.isaac-del-toro.mx\/wp-content\/uploads\/2026\/02\/isaac-del-toro-uae-tour-2026-scaled.webp\",\"contentUrl\":\"https:\/\/www.isaac-del-toro.mx\/wp-content\/uploads\/2026\/02\/isaac-del-toro-uae-tour-2026-scaled.webp\",\"width\":2560,\"height\":1463,\"caption\":\"Un joven ciclista, representando a Isaac del Toro, pedalea solo en una carretera des\u00e9rtica al atardecer, con un paisaje de dunas y un cielo c\u00e1lido al fondo.\"},{\"@type\":\"BreadcrumbList\",\"@id\":\"https:\/\/www.isaac-del-toro.mx\/it\/isaac-del-toro-debutto-uae-tour-2026\/#breadcrumb\",\"itemListElement\":[{\"@type\":\"ListItem\",\"position\":1,\"name\":\"Start\",\"item\":\"https:\/\/www.isaac-del-toro.mx\/it\/\"},{\"@type\":\"ListItem\",\"position\":2,\"name\":\"Isaac del Toro pronto per il debutto all&#8217;UAE Tour 2026\"}]},{\"@type\":\"WebSite\",\"@id\":\"https:\/\/www.isaac-del-toro.mx\/it\/#website\",\"url\":\"https:\/\/www.isaac-del-toro.mx\/it\/\",\"name\":\"Isaac del Toro Romero\",\"description\":\"\",\"publisher\":{\"@id\":\"https:\/\/www.isaac-del-toro.mx\/it\/#\/schema\/person\/7cbbcf16bd93d1b98eeb4ab7a1fbd7ba\"},\"potentialAction\":[{\"@type\":\"SearchAction\",\"target\":{\"@type\":\"EntryPoint\",\"urlTemplate\":\"https:\/\/www.isaac-del-toro.mx\/it\/?s={search_term_string}\"},\"query-input\":{\"@type\":\"PropertyValueSpecification\",\"valueRequired\":true,\"valueName\":\"search_term_string\"}}],\"inLanguage\":\"it-IT\"},{\"@type\":[\"Person\",\"Organization\"],\"@id\":\"https:\/\/www.isaac-del-toro.mx\/it\/#\/schema\/person\/7cbbcf16bd93d1b98eeb4ab7a1fbd7ba\",\"name\":\"Isaac del Toro Romero\",\"logo\":{\"@id\":\"https:\/\/www.isaac-del-toro.mx\/it\/#\/schema\/person\/image\/\"}},{\"@type\":\"Person\",\"@id\":\"https:\/\/www.isaac-del-toro.mx\/it\/#\/schema\/person\/dcd12bccf645d7a2112bdb90aa7ff9f2\",\"name\":\"Frank\",\"sameAs\":[\"https:\/\/www.isaac-del-toro.mx\"],\"url\":\"https:\/\/www.isaac-del-toro.mx\/it\/author\/frank-kuglerwebarbeit-net\/\"}]}<\/script>\n<!-- \/ Yoast SEO plugin. -->","yoast_head_json":{"title":"Isaac del Toro far\u00e0 il suo esordio all'UAE Tour 2026 | Ciclismo","description":"Il talento messicano Isaac del Toro parteciper\u00e0 all'UAE Tour 2026, sfidando campioni come Vingegaard ed Evenepoel in una corsa di sette tappe dal 16 al 22 febbraio.","robots":{"index":"index","follow":"follow","max-snippet":"max-snippet:-1","max-image-preview":"max-image-preview:large","max-video-preview":"max-video-preview:-1"},"canonical":"https:\/\/www.isaac-del-toro.mx\/it\/isaac-del-toro-debutto-uae-tour-2026\/","og_locale":"it_IT","og_type":"article","og_title":"Isaac del Toro far\u00e0 il suo esordio all'UAE Tour 2026 | Ciclismo","og_description":"Il talento messicano Isaac del Toro parteciper\u00e0 all'UAE Tour 2026, sfidando campioni come Vingegaard ed Evenepoel in una corsa di sette tappe dal 16 al 22 febbraio.","og_url":"https:\/\/www.isaac-del-toro.mx\/it\/isaac-del-toro-debutto-uae-tour-2026\/","og_site_name":"Isaac del Toro Romero","article_published_time":"2026-02-03T13:04:32+00:00","article_modified_time":"2026-02-03T13:04:36+00:00","og_image":[{"width":1024,"height":1024,"url":"https:\/\/www.isaac-del-toro.mx\/wp-content\/uploads\/2026\/02\/job-5-20260203132616.webp","type":"image\/webp"}],"author":"Frank","twitter_card":"summary_large_image","twitter_misc":{"Scritto da":"Frank","Tempo di lettura stimato":"1 minuto"},"schema":{"@context":"https:\/\/schema.org","@graph":[{"@type":"Article","@id":"https:\/\/www.isaac-del-toro.mx\/it\/isaac-del-toro-debutto-uae-tour-2026\/#article","isPartOf":{"@id":"https:\/\/www.isaac-del-toro.mx\/it\/isaac-del-toro-debutto-uae-tour-2026\/"},"author":{"name":"Frank","@id":"https:\/\/www.isaac-del-toro.mx\/it\/#\/schema\/person\/dcd12bccf645d7a2112bdb90aa7ff9f2"},"headline":"Isaac del Toro pronto per il debutto all&#8217;UAE Tour 2026","datePublished":"2026-02-03T13:04:32+00:00","dateModified":"2026-02-03T13:04:36+00:00","mainEntityOfPage":{"@id":"https:\/\/www.isaac-del-toro.mx\/it\/isaac-del-toro-debutto-uae-tour-2026\/"},"wordCount":234,"commentCount":0,"publisher":{"@id":"https:\/\/www.isaac-del-toro.mx\/it\/#\/schema\/person\/7cbbcf16bd93d1b98eeb4ab7a1fbd7ba"},"image":{"@id":"https:\/\/www.isaac-del-toro.mx\/it\/isaac-del-toro-debutto-uae-tour-2026\/#primaryimage"},"thumbnailUrl":"https:\/\/www.isaac-del-toro.mx\/wp-content\/uploads\/2026\/02\/isaac-del-toro-uae-tour-2026-scaled.webp","articleSection":["Nachrichten","Notizie"],"inLanguage":"it-IT","potentialAction":[{"@type":"CommentAction","name":"Comment","target":["https:\/\/www.isaac-del-toro.mx\/it\/isaac-del-toro-debutto-uae-tour-2026\/#respond"]}]},{"@type":"WebPage","@id":"https:\/\/www.isaac-del-toro.mx\/it\/isaac-del-toro-debutto-uae-tour-2026\/","url":"https:\/\/www.isaac-del-toro.mx\/it\/isaac-del-toro-debutto-uae-tour-2026\/","name":"Isaac del Toro far\u00e0 il suo esordio all'UAE Tour 2026 | Ciclismo","isPartOf":{"@id":"https:\/\/www.isaac-del-toro.mx\/it\/#website"},"primaryImageOfPage":{"@id":"https:\/\/www.isaac-del-toro.mx\/it\/isaac-del-toro-debutto-uae-tour-2026\/#primaryimage"},"image":{"@id":"https:\/\/www.isaac-del-toro.mx\/it\/isaac-del-toro-debutto-uae-tour-2026\/#primaryimage"},"thumbnailUrl":"https:\/\/www.isaac-del-toro.mx\/wp-content\/uploads\/2026\/02\/isaac-del-toro-uae-tour-2026-scaled.webp","datePublished":"2026-02-03T13:04:32+00:00","dateModified":"2026-02-03T13:04:36+00:00","description":"Il talento messicano Isaac del Toro parteciper\u00e0 all'UAE Tour 2026, sfidando campioni come Vingegaard ed Evenepoel in una corsa di sette tappe dal 16 al 22 febbraio.","breadcrumb":{"@id":"https:\/\/www.isaac-del-toro.mx\/it\/isaac-del-toro-debutto-uae-tour-2026\/#breadcrumb"},"inLanguage":"it-IT","potentialAction":[{"@type":"ReadAction","target":["https:\/\/www.isaac-del-toro.mx\/it\/isaac-del-toro-debutto-uae-tour-2026\/"]}]},{"@type":"ImageObject","inLanguage":"it-IT","@id":"https:\/\/www.isaac-del-toro.mx\/it\/isaac-del-toro-debutto-uae-tour-2026\/#primaryimage","url":"https:\/\/www.isaac-del-toro.mx\/wp-content\/uploads\/2026\/02\/isaac-del-toro-uae-tour-2026-scaled.webp","contentUrl":"https:\/\/www.isaac-del-toro.mx\/wp-content\/uploads\/2026\/02\/isaac-del-toro-uae-tour-2026-scaled.webp","width":2560,"height":1463,"caption":"Un joven ciclista, representando a Isaac del Toro, pedalea solo en una carretera des\u00e9rtica al atardecer, con un paisaje de dunas y un cielo c\u00e1lido al fondo."},{"@type":"BreadcrumbList","@id":"https:\/\/www.isaac-del-toro.mx\/it\/isaac-del-toro-debutto-uae-tour-2026\/#breadcrumb","itemListElement":[{"@type":"ListItem","position":1,"name":"Start","item":"https:\/\/www.isaac-del-toro.mx\/it\/"},{"@type":"ListItem","position":2,"name":"Isaac del Toro pronto per il debutto all&#8217;UAE Tour 2026"}]},{"@type":"WebSite","@id":"https:\/\/www.isaac-del-toro.mx\/it\/#website","url":"https:\/\/www.isaac-del-toro.mx\/it\/","name":"Isaac del Toro Romero","description":"","publisher":{"@id":"https:\/\/www.isaac-del-toro.mx\/it\/#\/schema\/person\/7cbbcf16bd93d1b98eeb4ab7a1fbd7ba"},"potentialAction":[{"@type":"SearchAction","target":{"@type":"EntryPoint","urlTemplate":"https:\/\/www.isaac-del-toro.mx\/it\/?s={search_term_string}"},"query-input":{"@type":"PropertyValueSpecification","valueRequired":true,"valueName":"search_term_string"}}],"inLanguage":"it-IT"},{"@type":["Person","Organization"],"@id":"https:\/\/www.isaac-del-toro.mx\/it\/#\/schema\/person\/7cbbcf16bd93d1b98eeb4ab7a1fbd7ba","name":"Isaac del Toro Romero","logo":{"@id":"https:\/\/www.isaac-del-toro.mx\/it\/#\/schema\/person\/image\/"}},{"@type":"Person","@id":"https:\/\/www.isaac-del-toro.mx\/it\/#\/schema\/person\/dcd12bccf645d7a2112bdb90aa7ff9f2","name":"Frank","sameAs":["https:\/\/www.isaac-del-toro.mx"],"url":"https:\/\/www.isaac-del-toro.mx\/it\/author\/frank-kuglerwebarbeit-net\/"}]}},"_links":{"self":[{"href":"https:\/\/www.isaac-del-toro.mx\/it\/wp-json\/wp\/v2\/posts\/488","targetHints":{"allow":["GET"]}}],"collection":[{"href":"https:\/\/www.isaac-del-toro.mx\/it\/wp-json\/wp\/v2\/posts"}],"about":[{"href":"https:\/\/www.isaac-del-toro.mx\/it\/wp-json\/wp\/v2\/types\/post"}],"author":[{"embeddable":true,"href":"https:\/\/www.isaac-del-toro.mx\/it\/wp-json\/wp\/v2\/users\/1"}],"replies":[{"embeddable":true,"href":"https:\/\/www.isaac-del-toro.mx\/it\/wp-json\/wp\/v2\/comments?post=488"}],"version-history":[{"count":0,"href":"https:\/\/www.isaac-del-toro.mx\/it\/wp-json\/wp\/v2\/posts\/488\/revisions"}],"wp:featuredmedia":[{"embeddable":true,"href":"https:\/\/www.isaac-del-toro.mx\/it\/wp-json\/wp\/v2\/media\/496"}],"wp:attachment":[{"href":"https:\/\/www.isaac-del-toro.mx\/it\/wp-json\/wp\/v2\/media?parent=488"}],"wp:term":[{"taxonomy":"category","embeddable":true,"href":"https:\/\/www.isaac-del-toro.mx\/it\/wp-json\/wp\/v2\/categories?post=488"},{"taxonomy":"post_tag","embeddable":true,"href":"https:\/\/www.isaac-del-toro.mx\/it\/wp-json\/wp\/v2\/tags?post=488"}],"curies":[{"name":"wp","href":"https:\/\/api.w.org\/{rel}","templated":true}]}}