{"id":655,"date":"2026-03-07T09:54:26","date_gmt":"2026-03-07T15:54:26","guid":{"rendered":"https:\/\/www.isaac-del-toro.mx\/del-toro-podio-strade-bianche-2026\/"},"modified":"2026-03-07T09:54:28","modified_gmt":"2026-03-07T15:54:28","slug":"del-toro-podio-strade-bianche-2026","status":"publish","type":"post","link":"https:\/\/www.isaac-del-toro.mx\/it\/del-toro-podio-strade-bianche-2026\/","title":{"rendered":"Del Toro Conquista il Podio alla Strade Bianche 2026"},"content":{"rendered":"<p>Una prestazione straordinaria di Isaac del Toro ha illuminato le strade bianche toscane, con il talentuoso corridore che ha conquistato un prestigioso terzo posto nella classica Strade Bianche 2026. Il corridore della UAE Team Emirates ha dimostrato grande carattere sul percorso di 201 chilometri con partenza e arrivo a Siena.<\/p>\n\n<h2>Poga\u010dar Domina, Del Toro Brilla<\/h2>\n<p>La vittoria \u00e8 andata al fenomenale Tadej Poga\u010dar, che ha dominato la corsa con un&#8217;azione decisiva, mentre Paul Seixas si \u00e8 assicurato la seconda posizione. Del Toro ha concluso la sua prova a soli 1 minuto e 9 secondi dal vincitore, dimostrando una notevole resistenza sugli impegnativi sterrati senesi.<\/p>\n\n<h2>Una Battaglia Tattica<\/h2>\n<p>La corsa si \u00e8 sviluppata in modo avvincente, con del Toro che ha saputo interpretare perfettamente i momenti chiave, seguendo con attenzione i movimenti di Poga\u010dar e Seixas. Il distacco finale di 8 secondi da Seixas testimonia la grande battaglia per le posizioni del podio, con del Toro che ha saputo gestire le proprie energie fino all&#8217;ultimo metro.<\/p>\n\n<h2>Un Podio di Prestigio<\/h2>\n<p>Il terzo posto conquistato il 7 marzo rappresenta un risultato di grande valore per del Toro, che ha dimostrato di poter competere ai massimi livelli in una delle corse pi\u00f9 prestigiose e tecnicamente impegnative del calendario mondiale. La sua performance sugli sterrati toscani conferma la crescita di un atleta capace di distinguersi nelle competizioni pi\u00f9 selettive.<\/p>","protected":false},"excerpt":{"rendered":"<p>Una prestazione straordinaria di Isaac del Toro ha illuminato le strade bianche toscane, con il talentuoso corridore che ha conquistato [&hellip;]<\/p>\n","protected":false},"author":1,"featured_media":652,"comment_status":"open","ping_status":"open","sticky":false,"template":"","format":"standard","meta":{"footnotes":""},"categories":[29,48],"tags":[],"class_list":["post-655","post","type-post","status-publish","format-standard","has-post-thumbnail","hentry","category-nachrichten","category-notizie"],"yoast_head":"<!-- This site is optimized with the Yoast SEO plugin v27.1.1 - https:\/\/yoast.com\/product\/yoast-seo-wordpress\/ -->\n<title>Del Toro: Brillante Terzo Posto alla Strade Bianche 2026<\/title>\n<meta name=\"description\" content=\"Isaac del Toro ha conquistato il terzo posto alla Strade Bianche 2026, concludendo dietro Poga\u010dar e Seixas nella classica toscana di 201 chilometri.\" \/>\n<meta name=\"robots\" content=\"index, follow, max-snippet:-1, max-image-preview:large, max-video-preview:-1\" \/>\n<link rel=\"canonical\" href=\"https:\/\/www.isaac-del-toro.mx\/it\/del-toro-podio-strade-bianche-2026\/\" \/>\n<meta property=\"og:locale\" content=\"it_IT\" \/>\n<meta property=\"og:type\" content=\"article\" \/>\n<meta property=\"og:title\" content=\"Del Toro: Brillante Terzo Posto alla Strade Bianche 2026\" \/>\n<meta property=\"og:description\" content=\"Isaac del Toro ha conquistato il terzo posto alla Strade Bianche 2026, concludendo dietro Poga\u010dar e Seixas nella classica toscana di 201 chilometri.\" \/>\n<meta property=\"og:url\" content=\"https:\/\/www.isaac-del-toro.mx\/it\/del-toro-podio-strade-bianche-2026\/\" \/>\n<meta property=\"og:site_name\" content=\"Isaac del Toro Romero\" \/>\n<meta property=\"article:published_time\" content=\"2026-03-07T15:54:26+00:00\" \/>\n<meta property=\"article:modified_time\" content=\"2026-03-07T15:54:28+00:00\" \/>\n<meta name=\"author\" content=\"Frank\" \/>\n<meta name=\"twitter:card\" content=\"summary_large_image\" \/>\n<meta name=\"twitter:label1\" content=\"Scritto da\" \/>\n\t<meta name=\"twitter:data1\" content=\"Frank\" \/>\n\t<meta name=\"twitter:label2\" content=\"Tempo di lettura stimato\" \/>\n\t<meta name=\"twitter:data2\" content=\"1 minuto\" \/>\n<script type=\"application\/ld+json\" class=\"yoast-schema-graph\">{\"@context\":\"https:\/\/schema.org\",\"@graph\":[{\"@type\":\"Article\",\"@id\":\"https:\/\/www.isaac-del-toro.mx\/it\/del-toro-podio-strade-bianche-2026\/#article\",\"isPartOf\":{\"@id\":\"https:\/\/www.isaac-del-toro.mx\/it\/del-toro-podio-strade-bianche-2026\/\"},\"author\":{\"name\":\"Frank\",\"@id\":\"https:\/\/www.isaac-del-toro.mx\/it\/#\/schema\/person\/dcd12bccf645d7a2112bdb90aa7ff9f2\"},\"headline\":\"Del Toro Conquista il Podio alla Strade Bianche 2026\",\"datePublished\":\"2026-03-07T15:54:26+00:00\",\"dateModified\":\"2026-03-07T15:54:28+00:00\",\"mainEntityOfPage\":{\"@id\":\"https:\/\/www.isaac-del-toro.mx\/it\/del-toro-podio-strade-bianche-2026\/\"},\"wordCount\":229,\"commentCount\":0,\"publisher\":{\"@id\":\"https:\/\/www.isaac-del-toro.mx\/it\/#\/schema\/person\/7cbbcf16bd93d1b98eeb4ab7a1fbd7ba\"},\"image\":{\"@id\":\"https:\/\/www.isaac-del-toro.mx\/it\/del-toro-podio-strade-bianche-2026\/#primaryimage\"},\"thumbnailUrl\":\"https:\/\/www.isaac-del-toro.mx\/wp-content\/uploads\/2026\/03\/strade-bianche-2026.webp\",\"articleSection\":[\"Nachrichten\",\"Notizie\"],\"inLanguage\":\"it-IT\",\"potentialAction\":[{\"@type\":\"CommentAction\",\"name\":\"Comment\",\"target\":[\"https:\/\/www.isaac-del-toro.mx\/it\/del-toro-podio-strade-bianche-2026\/#respond\"]}]},{\"@type\":\"WebPage\",\"@id\":\"https:\/\/www.isaac-del-toro.mx\/it\/del-toro-podio-strade-bianche-2026\/\",\"url\":\"https:\/\/www.isaac-del-toro.mx\/it\/del-toro-podio-strade-bianche-2026\/\",\"name\":\"Del Toro: Brillante Terzo Posto alla Strade Bianche 2026\",\"isPartOf\":{\"@id\":\"https:\/\/www.isaac-del-toro.mx\/it\/#website\"},\"primaryImageOfPage\":{\"@id\":\"https:\/\/www.isaac-del-toro.mx\/it\/del-toro-podio-strade-bianche-2026\/#primaryimage\"},\"image\":{\"@id\":\"https:\/\/www.isaac-del-toro.mx\/it\/del-toro-podio-strade-bianche-2026\/#primaryimage\"},\"thumbnailUrl\":\"https:\/\/www.isaac-del-toro.mx\/wp-content\/uploads\/2026\/03\/strade-bianche-2026.webp\",\"datePublished\":\"2026-03-07T15:54:26+00:00\",\"dateModified\":\"2026-03-07T15:54:28+00:00\",\"description\":\"Isaac del Toro ha conquistato il terzo posto alla Strade Bianche 2026, concludendo dietro Poga\u010dar e Seixas nella classica toscana di 201 chilometri.\",\"breadcrumb\":{\"@id\":\"https:\/\/www.isaac-del-toro.mx\/it\/del-toro-podio-strade-bianche-2026\/#breadcrumb\"},\"inLanguage\":\"it-IT\",\"potentialAction\":[{\"@type\":\"ReadAction\",\"target\":[\"https:\/\/www.isaac-del-toro.mx\/it\/del-toro-podio-strade-bianche-2026\/\"]}]},{\"@type\":\"ImageObject\",\"inLanguage\":\"it-IT\",\"@id\":\"https:\/\/www.isaac-del-toro.mx\/it\/del-toro-podio-strade-bianche-2026\/#primaryimage\",\"url\":\"https:\/\/www.isaac-del-toro.mx\/wp-content\/uploads\/2026\/03\/strade-bianche-2026.webp\",\"contentUrl\":\"https:\/\/www.isaac-del-toro.mx\/wp-content\/uploads\/2026\/03\/strade-bianche-2026.webp\",\"width\":1376,\"height\":768},{\"@type\":\"BreadcrumbList\",\"@id\":\"https:\/\/www.isaac-del-toro.mx\/it\/del-toro-podio-strade-bianche-2026\/#breadcrumb\",\"itemListElement\":[{\"@type\":\"ListItem\",\"position\":1,\"name\":\"Start\",\"item\":\"https:\/\/www.isaac-del-toro.mx\/it\/\"},{\"@type\":\"ListItem\",\"position\":2,\"name\":\"Del Toro Conquista il Podio alla Strade Bianche 2026\"}]},{\"@type\":\"WebSite\",\"@id\":\"https:\/\/www.isaac-del-toro.mx\/it\/#website\",\"url\":\"https:\/\/www.isaac-del-toro.mx\/it\/\",\"name\":\"Isaac del Toro Romero\",\"description\":\"\",\"publisher\":{\"@id\":\"https:\/\/www.isaac-del-toro.mx\/it\/#\/schema\/person\/7cbbcf16bd93d1b98eeb4ab7a1fbd7ba\"},\"potentialAction\":[{\"@type\":\"SearchAction\",\"target\":{\"@type\":\"EntryPoint\",\"urlTemplate\":\"https:\/\/www.isaac-del-toro.mx\/it\/?s={search_term_string}\"},\"query-input\":{\"@type\":\"PropertyValueSpecification\",\"valueRequired\":true,\"valueName\":\"search_term_string\"}}],\"inLanguage\":\"it-IT\"},{\"@type\":[\"Person\",\"Organization\"],\"@id\":\"https:\/\/www.isaac-del-toro.mx\/it\/#\/schema\/person\/7cbbcf16bd93d1b98eeb4ab7a1fbd7ba\",\"name\":\"Isaac del Toro Romero\",\"logo\":{\"@id\":\"https:\/\/www.isaac-del-toro.mx\/it\/#\/schema\/person\/image\/\"}},{\"@type\":\"Person\",\"@id\":\"https:\/\/www.isaac-del-toro.mx\/it\/#\/schema\/person\/dcd12bccf645d7a2112bdb90aa7ff9f2\",\"name\":\"Frank\",\"sameAs\":[\"https:\/\/www.isaac-del-toro.mx\"],\"url\":\"https:\/\/www.isaac-del-toro.mx\/it\/author\/frank-kuglerwebarbeit-net\/\"}]}<\/script>\n<!-- \/ Yoast SEO plugin. -->","yoast_head_json":{"title":"Del Toro: Brillante Terzo Posto alla Strade Bianche 2026","description":"Isaac del Toro ha conquistato il terzo posto alla Strade Bianche 2026, concludendo dietro Poga\u010dar e Seixas nella classica toscana di 201 chilometri.","robots":{"index":"index","follow":"follow","max-snippet":"max-snippet:-1","max-image-preview":"max-image-preview:large","max-video-preview":"max-video-preview:-1"},"canonical":"https:\/\/www.isaac-del-toro.mx\/it\/del-toro-podio-strade-bianche-2026\/","og_locale":"it_IT","og_type":"article","og_title":"Del Toro: Brillante Terzo Posto alla Strade Bianche 2026","og_description":"Isaac del Toro ha conquistato il terzo posto alla Strade Bianche 2026, concludendo dietro Poga\u010dar e Seixas nella classica toscana di 201 chilometri.","og_url":"https:\/\/www.isaac-del-toro.mx\/it\/del-toro-podio-strade-bianche-2026\/","og_site_name":"Isaac del Toro Romero","article_published_time":"2026-03-07T15:54:26+00:00","article_modified_time":"2026-03-07T15:54:28+00:00","author":"Frank","twitter_card":"summary_large_image","twitter_misc":{"Scritto da":"Frank","Tempo di lettura stimato":"1 minuto"},"schema":{"@context":"https:\/\/schema.org","@graph":[{"@type":"Article","@id":"https:\/\/www.isaac-del-toro.mx\/it\/del-toro-podio-strade-bianche-2026\/#article","isPartOf":{"@id":"https:\/\/www.isaac-del-toro.mx\/it\/del-toro-podio-strade-bianche-2026\/"},"author":{"name":"Frank","@id":"https:\/\/www.isaac-del-toro.mx\/it\/#\/schema\/person\/dcd12bccf645d7a2112bdb90aa7ff9f2"},"headline":"Del Toro Conquista il Podio alla Strade Bianche 2026","datePublished":"2026-03-07T15:54:26+00:00","dateModified":"2026-03-07T15:54:28+00:00","mainEntityOfPage":{"@id":"https:\/\/www.isaac-del-toro.mx\/it\/del-toro-podio-strade-bianche-2026\/"},"wordCount":229,"commentCount":0,"publisher":{"@id":"https:\/\/www.isaac-del-toro.mx\/it\/#\/schema\/person\/7cbbcf16bd93d1b98eeb4ab7a1fbd7ba"},"image":{"@id":"https:\/\/www.isaac-del-toro.mx\/it\/del-toro-podio-strade-bianche-2026\/#primaryimage"},"thumbnailUrl":"https:\/\/www.isaac-del-toro.mx\/wp-content\/uploads\/2026\/03\/strade-bianche-2026.webp","articleSection":["Nachrichten","Notizie"],"inLanguage":"it-IT","potentialAction":[{"@type":"CommentAction","name":"Comment","target":["https:\/\/www.isaac-del-toro.mx\/it\/del-toro-podio-strade-bianche-2026\/#respond"]}]},{"@type":"WebPage","@id":"https:\/\/www.isaac-del-toro.mx\/it\/del-toro-podio-strade-bianche-2026\/","url":"https:\/\/www.isaac-del-toro.mx\/it\/del-toro-podio-strade-bianche-2026\/","name":"Del Toro: Brillante Terzo Posto alla Strade Bianche 2026","isPartOf":{"@id":"https:\/\/www.isaac-del-toro.mx\/it\/#website"},"primaryImageOfPage":{"@id":"https:\/\/www.isaac-del-toro.mx\/it\/del-toro-podio-strade-bianche-2026\/#primaryimage"},"image":{"@id":"https:\/\/www.isaac-del-toro.mx\/it\/del-toro-podio-strade-bianche-2026\/#primaryimage"},"thumbnailUrl":"https:\/\/www.isaac-del-toro.mx\/wp-content\/uploads\/2026\/03\/strade-bianche-2026.webp","datePublished":"2026-03-07T15:54:26+00:00","dateModified":"2026-03-07T15:54:28+00:00","description":"Isaac del Toro ha conquistato il terzo posto alla Strade Bianche 2026, concludendo dietro Poga\u010dar e Seixas nella classica toscana di 201 chilometri.","breadcrumb":{"@id":"https:\/\/www.isaac-del-toro.mx\/it\/del-toro-podio-strade-bianche-2026\/#breadcrumb"},"inLanguage":"it-IT","potentialAction":[{"@type":"ReadAction","target":["https:\/\/www.isaac-del-toro.mx\/it\/del-toro-podio-strade-bianche-2026\/"]}]},{"@type":"ImageObject","inLanguage":"it-IT","@id":"https:\/\/www.isaac-del-toro.mx\/it\/del-toro-podio-strade-bianche-2026\/#primaryimage","url":"https:\/\/www.isaac-del-toro.mx\/wp-content\/uploads\/2026\/03\/strade-bianche-2026.webp","contentUrl":"https:\/\/www.isaac-del-toro.mx\/wp-content\/uploads\/2026\/03\/strade-bianche-2026.webp","width":1376,"height":768},{"@type":"BreadcrumbList","@id":"https:\/\/www.isaac-del-toro.mx\/it\/del-toro-podio-strade-bianche-2026\/#breadcrumb","itemListElement":[{"@type":"ListItem","position":1,"name":"Start","item":"https:\/\/www.isaac-del-toro.mx\/it\/"},{"@type":"ListItem","position":2,"name":"Del Toro Conquista il Podio alla Strade Bianche 2026"}]},{"@type":"WebSite","@id":"https:\/\/www.isaac-del-toro.mx\/it\/#website","url":"https:\/\/www.isaac-del-toro.mx\/it\/","name":"Isaac del Toro Romero","description":"","publisher":{"@id":"https:\/\/www.isaac-del-toro.mx\/it\/#\/schema\/person\/7cbbcf16bd93d1b98eeb4ab7a1fbd7ba"},"potentialAction":[{"@type":"SearchAction","target":{"@type":"EntryPoint","urlTemplate":"https:\/\/www.isaac-del-toro.mx\/it\/?s={search_term_string}"},"query-input":{"@type":"PropertyValueSpecification","valueRequired":true,"valueName":"search_term_string"}}],"inLanguage":"it-IT"},{"@type":["Person","Organization"],"@id":"https:\/\/www.isaac-del-toro.mx\/it\/#\/schema\/person\/7cbbcf16bd93d1b98eeb4ab7a1fbd7ba","name":"Isaac del Toro Romero","logo":{"@id":"https:\/\/www.isaac-del-toro.mx\/it\/#\/schema\/person\/image\/"}},{"@type":"Person","@id":"https:\/\/www.isaac-del-toro.mx\/it\/#\/schema\/person\/dcd12bccf645d7a2112bdb90aa7ff9f2","name":"Frank","sameAs":["https:\/\/www.isaac-del-toro.mx"],"url":"https:\/\/www.isaac-del-toro.mx\/it\/author\/frank-kuglerwebarbeit-net\/"}]}},"_links":{"self":[{"href":"https:\/\/www.isaac-del-toro.mx\/it\/wp-json\/wp\/v2\/posts\/655","targetHints":{"allow":["GET"]}}],"collection":[{"href":"https:\/\/www.isaac-del-toro.mx\/it\/wp-json\/wp\/v2\/posts"}],"about":[{"href":"https:\/\/www.isaac-del-toro.mx\/it\/wp-json\/wp\/v2\/types\/post"}],"author":[{"embeddable":true,"href":"https:\/\/www.isaac-del-toro.mx\/it\/wp-json\/wp\/v2\/users\/1"}],"replies":[{"embeddable":true,"href":"https:\/\/www.isaac-del-toro.mx\/it\/wp-json\/wp\/v2\/comments?post=655"}],"version-history":[{"count":0,"href":"https:\/\/www.isaac-del-toro.mx\/it\/wp-json\/wp\/v2\/posts\/655\/revisions"}],"wp:featuredmedia":[{"embeddable":true,"href":"https:\/\/www.isaac-del-toro.mx\/it\/wp-json\/wp\/v2\/media\/652"}],"wp:attachment":[{"href":"https:\/\/www.isaac-del-toro.mx\/it\/wp-json\/wp\/v2\/media?parent=655"}],"wp:term":[{"taxonomy":"category","embeddable":true,"href":"https:\/\/www.isaac-del-toro.mx\/it\/wp-json\/wp\/v2\/categories?post=655"},{"taxonomy":"post_tag","embeddable":true,"href":"https:\/\/www.isaac-del-toro.mx\/it\/wp-json\/wp\/v2\/tags?post=655"}],"curies":[{"name":"wp","href":"https:\/\/api.w.org\/{rel}","templated":true}]}}