{"id":683,"date":"2026-03-09T02:47:24","date_gmt":"2026-03-09T08:47:24","guid":{"rendered":"https:\/\/www.isaac-del-toro.mx\/del-toro-punta-gloria-tirreno-adriatico-2026\/"},"modified":"2026-03-09T02:47:24","modified_gmt":"2026-03-09T08:47:24","slug":"del-toro-punta-gloria-tirreno-adriatico-2026","status":"publish","type":"post","link":"https:\/\/www.isaac-del-toro.mx\/it\/del-toro-punta-gloria-tirreno-adriatico-2026\/","title":{"rendered":"Del Toro Punta alla Gloria alla Tirreno-Adriatico 2026"},"content":{"rendered":"\n<p>La Tirreno-Adriatico si prepara ad accogliere uno dei suoi protagonisti pi\u00f9 attesi: Isaac del Toro, leader designato della UAE Team Emirates per l&#8217;edizione 2026 della Corsa dei Due Mari. Il corridore messicano, che ha recentemente trionfato all&#8217;UAE Tour, si presenta al via con ambizioni importanti per la corsa che si svolger\u00e0 dal 9 al 15 marzo.<\/p>\n\n<h2>Un Campione in Ascesa<\/h2>\n<p>Del Toro arriva alla sua terza partecipazione alla Tirreno-Adriatico nel momento migliore della sua carriera. La vittoria all&#8217;UAE Tour, caratterizzata da una prestazione magistrale sul Jebel Hafeet, ha dimostrato che il messicano ha raggiunto un nuovo livello di maturit\u00e0 agonistica. La sua presenza alla guida del team emiratino rappresenta una chiara dichiarazione d&#8217;intenti per la corsa italiana.<\/p>\n\n<h2>Esperienza e Ambizione<\/h2>\n<p>Per Del Toro, questa terza presenza alla Tirreno-Adriatico rappresenta l&#8217;occasione perfetta per confermare il suo status nel ciclismo mondiale. La corsa a tappe italiana, con il suo prestigioso status WorldTour, offre il palcoscenico ideale per dimostrare che il successo all&#8217;UAE Tour non \u00e8 stato un caso isolato.<\/p>\n\n<h2>Una Settimana di Grande Ciclismo<\/h2>\n<p>La Tirreno-Adriatico 2026 si svilupper\u00e0 nell&#8217;arco di sette giorni intensi, dal 9 al 15 marzo, attraversando alcuni dei territori pi\u00f9 suggestivi d&#8217;Italia. Per Del Toro e la UAE Team Emirates, ogni tappa rappresenter\u00e0 un&#8217;opportunit\u00e0 per lasciare il segno in una delle corse a tappe pi\u00f9 prestigiose del calendario WorldTour.<\/p>\n\n<p>Gli appassionati italiani attendono con trepidazione di vedere all&#8217;opera questo talento messicano sulle strade della Corsa dei Due Mari, pronti a tributargli il calore e il sostegno che solo il pubblico del ciclismo italiano sa offrire. La Tirreno-Adriatico \u00e8 pronta a scrivere un nuovo capitolo della sua gloriosa storia.<\/p>\n","protected":false},"excerpt":{"rendered":"<p>La Tirreno-Adriatico si prepara ad accogliere uno dei suoi protagonisti pi\u00f9 attesi: Isaac del Toro, leader designato della UAE Team [&hellip;]<\/p>\n","protected":false},"author":1,"featured_media":0,"comment_status":"open","ping_status":"open","sticky":false,"template":"","format":"standard","meta":{"footnotes":""},"categories":[74],"tags":[],"class_list":["post-683","post","type-post","status-publish","format-standard","hentry","category-anteprima"],"yoast_head":"<!-- This site is optimized with the Yoast SEO plugin v27.1.1 - https:\/\/yoast.com\/product\/yoast-seo-wordpress\/ -->\n<title>Del Toro guida UAE Team Emirates alla Tirreno-Adriatico 2026<\/title>\n<meta name=\"description\" content=\"Il talento messicano Isaac del Toro, fresco vincitore dell&#039;UAE Tour, guider\u00e0 UAE Team Emirates alla Tirreno-Adriatico 2026, cercando di lasciare il segno nella Corsa dei Due Mari.\" \/>\n<meta name=\"robots\" content=\"index, follow, max-snippet:-1, max-image-preview:large, max-video-preview:-1\" \/>\n<link rel=\"canonical\" href=\"https:\/\/www.isaac-del-toro.mx\/it\/del-toro-punta-gloria-tirreno-adriatico-2026\/\" \/>\n<meta property=\"og:locale\" content=\"it_IT\" \/>\n<meta property=\"og:type\" content=\"article\" \/>\n<meta property=\"og:title\" content=\"Del Toro guida UAE Team Emirates alla Tirreno-Adriatico 2026\" \/>\n<meta property=\"og:description\" content=\"Il talento messicano Isaac del Toro, fresco vincitore dell&#039;UAE Tour, guider\u00e0 UAE Team Emirates alla Tirreno-Adriatico 2026, cercando di lasciare il segno nella Corsa dei Due Mari.\" \/>\n<meta property=\"og:url\" content=\"https:\/\/www.isaac-del-toro.mx\/it\/del-toro-punta-gloria-tirreno-adriatico-2026\/\" \/>\n<meta property=\"og:site_name\" content=\"Isaac del Toro Romero\" \/>\n<meta property=\"article:published_time\" content=\"2026-03-09T08:47:24+00:00\" \/>\n<meta name=\"author\" content=\"Frank\" \/>\n<meta name=\"twitter:card\" content=\"summary_large_image\" \/>\n<meta name=\"twitter:label1\" content=\"Scritto da\" \/>\n\t<meta name=\"twitter:data1\" content=\"Frank\" \/>\n\t<meta name=\"twitter:label2\" content=\"Tempo di lettura stimato\" \/>\n\t<meta name=\"twitter:data2\" content=\"1 minuto\" \/>\n<script type=\"application\/ld+json\" class=\"yoast-schema-graph\">{\"@context\":\"https:\/\/schema.org\",\"@graph\":[{\"@type\":\"Article\",\"@id\":\"https:\/\/www.isaac-del-toro.mx\/it\/del-toro-punta-gloria-tirreno-adriatico-2026\/#article\",\"isPartOf\":{\"@id\":\"https:\/\/www.isaac-del-toro.mx\/it\/del-toro-punta-gloria-tirreno-adriatico-2026\/\"},\"author\":{\"name\":\"Frank\",\"@id\":\"https:\/\/www.isaac-del-toro.mx\/it\/#\/schema\/person\/dcd12bccf645d7a2112bdb90aa7ff9f2\"},\"headline\":\"Del Toro Punta alla Gloria alla Tirreno-Adriatico 2026\",\"datePublished\":\"2026-03-09T08:47:24+00:00\",\"mainEntityOfPage\":{\"@id\":\"https:\/\/www.isaac-del-toro.mx\/it\/del-toro-punta-gloria-tirreno-adriatico-2026\/\"},\"wordCount\":279,\"commentCount\":0,\"publisher\":{\"@id\":\"https:\/\/www.isaac-del-toro.mx\/it\/#\/schema\/person\/7cbbcf16bd93d1b98eeb4ab7a1fbd7ba\"},\"articleSection\":[\"Anteprima\"],\"inLanguage\":\"it-IT\",\"potentialAction\":[{\"@type\":\"CommentAction\",\"name\":\"Comment\",\"target\":[\"https:\/\/www.isaac-del-toro.mx\/it\/del-toro-punta-gloria-tirreno-adriatico-2026\/#respond\"]}]},{\"@type\":\"WebPage\",\"@id\":\"https:\/\/www.isaac-del-toro.mx\/it\/del-toro-punta-gloria-tirreno-adriatico-2026\/\",\"url\":\"https:\/\/www.isaac-del-toro.mx\/it\/del-toro-punta-gloria-tirreno-adriatico-2026\/\",\"name\":\"Del Toro guida UAE Team Emirates alla Tirreno-Adriatico 2026\",\"isPartOf\":{\"@id\":\"https:\/\/www.isaac-del-toro.mx\/it\/#website\"},\"datePublished\":\"2026-03-09T08:47:24+00:00\",\"description\":\"Il talento messicano Isaac del Toro, fresco vincitore dell'UAE Tour, guider\u00e0 UAE Team Emirates alla Tirreno-Adriatico 2026, cercando di lasciare il segno nella Corsa dei Due Mari.\",\"breadcrumb\":{\"@id\":\"https:\/\/www.isaac-del-toro.mx\/it\/del-toro-punta-gloria-tirreno-adriatico-2026\/#breadcrumb\"},\"inLanguage\":\"it-IT\",\"potentialAction\":[{\"@type\":\"ReadAction\",\"target\":[\"https:\/\/www.isaac-del-toro.mx\/it\/del-toro-punta-gloria-tirreno-adriatico-2026\/\"]}]},{\"@type\":\"BreadcrumbList\",\"@id\":\"https:\/\/www.isaac-del-toro.mx\/it\/del-toro-punta-gloria-tirreno-adriatico-2026\/#breadcrumb\",\"itemListElement\":[{\"@type\":\"ListItem\",\"position\":1,\"name\":\"Start\",\"item\":\"https:\/\/www.isaac-del-toro.mx\/it\/\"},{\"@type\":\"ListItem\",\"position\":2,\"name\":\"Del Toro Punta alla Gloria alla Tirreno-Adriatico 2026\"}]},{\"@type\":\"WebSite\",\"@id\":\"https:\/\/www.isaac-del-toro.mx\/it\/#website\",\"url\":\"https:\/\/www.isaac-del-toro.mx\/it\/\",\"name\":\"Isaac del Toro Romero\",\"description\":\"\",\"publisher\":{\"@id\":\"https:\/\/www.isaac-del-toro.mx\/it\/#\/schema\/person\/7cbbcf16bd93d1b98eeb4ab7a1fbd7ba\"},\"potentialAction\":[{\"@type\":\"SearchAction\",\"target\":{\"@type\":\"EntryPoint\",\"urlTemplate\":\"https:\/\/www.isaac-del-toro.mx\/it\/?s={search_term_string}\"},\"query-input\":{\"@type\":\"PropertyValueSpecification\",\"valueRequired\":true,\"valueName\":\"search_term_string\"}}],\"inLanguage\":\"it-IT\"},{\"@type\":[\"Person\",\"Organization\"],\"@id\":\"https:\/\/www.isaac-del-toro.mx\/it\/#\/schema\/person\/7cbbcf16bd93d1b98eeb4ab7a1fbd7ba\",\"name\":\"Isaac del Toro Romero\",\"logo\":{\"@id\":\"https:\/\/www.isaac-del-toro.mx\/it\/#\/schema\/person\/image\/\"}},{\"@type\":\"Person\",\"@id\":\"https:\/\/www.isaac-del-toro.mx\/it\/#\/schema\/person\/dcd12bccf645d7a2112bdb90aa7ff9f2\",\"name\":\"Frank\",\"sameAs\":[\"https:\/\/www.isaac-del-toro.mx\"],\"url\":\"https:\/\/www.isaac-del-toro.mx\/it\/author\/frank-kuglerwebarbeit-net\/\"}]}<\/script>\n<!-- \/ Yoast SEO plugin. -->","yoast_head_json":{"title":"Del Toro guida UAE Team Emirates alla Tirreno-Adriatico 2026","description":"Il talento messicano Isaac del Toro, fresco vincitore dell'UAE Tour, guider\u00e0 UAE Team Emirates alla Tirreno-Adriatico 2026, cercando di lasciare il segno nella Corsa dei Due Mari.","robots":{"index":"index","follow":"follow","max-snippet":"max-snippet:-1","max-image-preview":"max-image-preview:large","max-video-preview":"max-video-preview:-1"},"canonical":"https:\/\/www.isaac-del-toro.mx\/it\/del-toro-punta-gloria-tirreno-adriatico-2026\/","og_locale":"it_IT","og_type":"article","og_title":"Del Toro guida UAE Team Emirates alla Tirreno-Adriatico 2026","og_description":"Il talento messicano Isaac del Toro, fresco vincitore dell'UAE Tour, guider\u00e0 UAE Team Emirates alla Tirreno-Adriatico 2026, cercando di lasciare il segno nella Corsa dei Due Mari.","og_url":"https:\/\/www.isaac-del-toro.mx\/it\/del-toro-punta-gloria-tirreno-adriatico-2026\/","og_site_name":"Isaac del Toro Romero","article_published_time":"2026-03-09T08:47:24+00:00","author":"Frank","twitter_card":"summary_large_image","twitter_misc":{"Scritto da":"Frank","Tempo di lettura stimato":"1 minuto"},"schema":{"@context":"https:\/\/schema.org","@graph":[{"@type":"Article","@id":"https:\/\/www.isaac-del-toro.mx\/it\/del-toro-punta-gloria-tirreno-adriatico-2026\/#article","isPartOf":{"@id":"https:\/\/www.isaac-del-toro.mx\/it\/del-toro-punta-gloria-tirreno-adriatico-2026\/"},"author":{"name":"Frank","@id":"https:\/\/www.isaac-del-toro.mx\/it\/#\/schema\/person\/dcd12bccf645d7a2112bdb90aa7ff9f2"},"headline":"Del Toro Punta alla Gloria alla Tirreno-Adriatico 2026","datePublished":"2026-03-09T08:47:24+00:00","mainEntityOfPage":{"@id":"https:\/\/www.isaac-del-toro.mx\/it\/del-toro-punta-gloria-tirreno-adriatico-2026\/"},"wordCount":279,"commentCount":0,"publisher":{"@id":"https:\/\/www.isaac-del-toro.mx\/it\/#\/schema\/person\/7cbbcf16bd93d1b98eeb4ab7a1fbd7ba"},"articleSection":["Anteprima"],"inLanguage":"it-IT","potentialAction":[{"@type":"CommentAction","name":"Comment","target":["https:\/\/www.isaac-del-toro.mx\/it\/del-toro-punta-gloria-tirreno-adriatico-2026\/#respond"]}]},{"@type":"WebPage","@id":"https:\/\/www.isaac-del-toro.mx\/it\/del-toro-punta-gloria-tirreno-adriatico-2026\/","url":"https:\/\/www.isaac-del-toro.mx\/it\/del-toro-punta-gloria-tirreno-adriatico-2026\/","name":"Del Toro guida UAE Team Emirates alla Tirreno-Adriatico 2026","isPartOf":{"@id":"https:\/\/www.isaac-del-toro.mx\/it\/#website"},"datePublished":"2026-03-09T08:47:24+00:00","description":"Il talento messicano Isaac del Toro, fresco vincitore dell'UAE Tour, guider\u00e0 UAE Team Emirates alla Tirreno-Adriatico 2026, cercando di lasciare il segno nella Corsa dei Due Mari.","breadcrumb":{"@id":"https:\/\/www.isaac-del-toro.mx\/it\/del-toro-punta-gloria-tirreno-adriatico-2026\/#breadcrumb"},"inLanguage":"it-IT","potentialAction":[{"@type":"ReadAction","target":["https:\/\/www.isaac-del-toro.mx\/it\/del-toro-punta-gloria-tirreno-adriatico-2026\/"]}]},{"@type":"BreadcrumbList","@id":"https:\/\/www.isaac-del-toro.mx\/it\/del-toro-punta-gloria-tirreno-adriatico-2026\/#breadcrumb","itemListElement":[{"@type":"ListItem","position":1,"name":"Start","item":"https:\/\/www.isaac-del-toro.mx\/it\/"},{"@type":"ListItem","position":2,"name":"Del Toro Punta alla Gloria alla Tirreno-Adriatico 2026"}]},{"@type":"WebSite","@id":"https:\/\/www.isaac-del-toro.mx\/it\/#website","url":"https:\/\/www.isaac-del-toro.mx\/it\/","name":"Isaac del Toro Romero","description":"","publisher":{"@id":"https:\/\/www.isaac-del-toro.mx\/it\/#\/schema\/person\/7cbbcf16bd93d1b98eeb4ab7a1fbd7ba"},"potentialAction":[{"@type":"SearchAction","target":{"@type":"EntryPoint","urlTemplate":"https:\/\/www.isaac-del-toro.mx\/it\/?s={search_term_string}"},"query-input":{"@type":"PropertyValueSpecification","valueRequired":true,"valueName":"search_term_string"}}],"inLanguage":"it-IT"},{"@type":["Person","Organization"],"@id":"https:\/\/www.isaac-del-toro.mx\/it\/#\/schema\/person\/7cbbcf16bd93d1b98eeb4ab7a1fbd7ba","name":"Isaac del Toro Romero","logo":{"@id":"https:\/\/www.isaac-del-toro.mx\/it\/#\/schema\/person\/image\/"}},{"@type":"Person","@id":"https:\/\/www.isaac-del-toro.mx\/it\/#\/schema\/person\/dcd12bccf645d7a2112bdb90aa7ff9f2","name":"Frank","sameAs":["https:\/\/www.isaac-del-toro.mx"],"url":"https:\/\/www.isaac-del-toro.mx\/it\/author\/frank-kuglerwebarbeit-net\/"}]}},"_links":{"self":[{"href":"https:\/\/www.isaac-del-toro.mx\/it\/wp-json\/wp\/v2\/posts\/683","targetHints":{"allow":["GET"]}}],"collection":[{"href":"https:\/\/www.isaac-del-toro.mx\/it\/wp-json\/wp\/v2\/posts"}],"about":[{"href":"https:\/\/www.isaac-del-toro.mx\/it\/wp-json\/wp\/v2\/types\/post"}],"author":[{"embeddable":true,"href":"https:\/\/www.isaac-del-toro.mx\/it\/wp-json\/wp\/v2\/users\/1"}],"replies":[{"embeddable":true,"href":"https:\/\/www.isaac-del-toro.mx\/it\/wp-json\/wp\/v2\/comments?post=683"}],"version-history":[{"count":0,"href":"https:\/\/www.isaac-del-toro.mx\/it\/wp-json\/wp\/v2\/posts\/683\/revisions"}],"wp:attachment":[{"href":"https:\/\/www.isaac-del-toro.mx\/it\/wp-json\/wp\/v2\/media?parent=683"}],"wp:term":[{"taxonomy":"category","embeddable":true,"href":"https:\/\/www.isaac-del-toro.mx\/it\/wp-json\/wp\/v2\/categories?post=683"},{"taxonomy":"post_tag","embeddable":true,"href":"https:\/\/www.isaac-del-toro.mx\/it\/wp-json\/wp\/v2\/tags?post=683"}],"curies":[{"name":"wp","href":"https:\/\/api.w.org\/{rel}","templated":true}]}}