{"id":748,"date":"2026-03-10T00:19:35","date_gmt":"2026-03-10T06:19:35","guid":{"rendered":"https:\/\/www.isaac-del-toro.mx\/tirreno-adriatico-2026-stage-2-preview-del-toro-san-gimignano\/"},"modified":"2026-03-10T00:19:35","modified_gmt":"2026-03-10T06:19:35","slug":"tirreno-adriatico-2026-stage-2-preview-del-toro-san-gimignano","status":"publish","type":"post","link":"https:\/\/www.isaac-del-toro.mx\/it\/tirreno-adriatico-2026-stage-2-preview-del-toro-san-gimignano\/","title":{"rendered":"Tirreno-Adriatico: Lo Sterrato di San Gimignano Attende Del Toro"},"content":{"rendered":"\n<p>Una tappa che promette spettacolo quella che attende oggi il gruppo della Tirreno-Adriatico. Da Camaiore a San Gimignano, 206 chilometri di pura passione ciclistica, con un finale che far\u00e0 la differenza: l&#8217;arrivo in salita su sterrato nella citt\u00e0 delle torri medievali.<\/p>\n\n<h2>Un Percorso da Veri Guerrieri<\/h2>\n<p>La carovana partir\u00e0 da Camaiore alle 10:55, affrontando un tracciato che accumula 2.208 metri di dislivello. Il vero protagonista sar\u00e0 il finale, con una salita che presenta pendenze medie del 7,8% e il fondo sterrato a rendere ancora pi\u00f9 selettiva la conclusione nella storica San Gimignano.<\/p>\n\n<h2>Del Toro: L&#8217;Occasione \u00e8 Propizia<\/h2>\n<p>Gli occhi sono puntati sul giovane messicano Isaac del Toro, alfiere della UAE Team Emirates. Le caratteristiche del percorso si adattano perfettamente alle sue qualit\u00e0 di scalatore, e l&#8217;arrivo in salita rappresenta un&#8217;occasione d&#8217;oro per lasciare il segno in questa Tirreno-Adriatico.<\/p>\n\n<h2>La Battaglia per la Vittoria<\/h2>\n<p>Il finale su sterrato render\u00e0 la tappa particolarmente impegnativa, dove l&#8217;esplosivit\u00e0 e la tecnica faranno la differenza. Del Toro dovr\u00e0 gestire con attenzione le proprie energie lungo tutto il percorso per arrivare al meglio sul tratto decisivo, dove ogni secondo potrebbe essere prezioso per la classifica generale.<\/p>\n\n<p>Gli appassionati possono prepararsi a uno spettacolo unico, con le torri di San Gimignano a fare da cornice a quello che si preannuncia come uno dei momenti pi\u00f9 emozionanti di questa Tirreno-Adriatico 2026.<\/p>\n","protected":false},"excerpt":{"rendered":"<p>Una tappa che promette spettacolo quella che attende oggi il gruppo della Tirreno-Adriatico. Da Camaiore a San Gimignano, 206 chilometri [&hellip;]<\/p>\n","protected":false},"author":1,"featured_media":745,"comment_status":"open","ping_status":"open","sticky":false,"template":"","format":"standard","meta":{"footnotes":""},"categories":[74],"tags":[],"class_list":["post-748","post","type-post","status-publish","format-standard","has-post-thumbnail","hentry","category-anteprima"],"yoast_head":"<!-- This site is optimized with the Yoast SEO plugin v27.1.1 - https:\/\/yoast.com\/product\/yoast-seo-wordpress\/ -->\n<title>Tirreno-Adriatico: Del Toro sfida lo sterrato di San Gimignano<\/title>\n<meta name=\"description\" content=\"La seconda tappa della Tirreno-Adriatico 2026 propone 206 km da Camaiore a San Gimignano, con un&#039;emozionante arrivo in salita su sterrato. Del Toro tra i favoriti.\" \/>\n<meta name=\"robots\" content=\"index, follow, max-snippet:-1, max-image-preview:large, max-video-preview:-1\" \/>\n<link rel=\"canonical\" href=\"https:\/\/www.isaac-del-toro.mx\/it\/tirreno-adriatico-2026-stage-2-preview-del-toro-san-gimignano\/\" \/>\n<meta property=\"og:locale\" content=\"it_IT\" \/>\n<meta property=\"og:type\" content=\"article\" \/>\n<meta property=\"og:title\" content=\"Tirreno-Adriatico: Del Toro sfida lo sterrato di San Gimignano\" \/>\n<meta property=\"og:description\" content=\"La seconda tappa della Tirreno-Adriatico 2026 propone 206 km da Camaiore a San Gimignano, con un&#039;emozionante arrivo in salita su sterrato. Del Toro tra i favoriti.\" \/>\n<meta property=\"og:url\" content=\"https:\/\/www.isaac-del-toro.mx\/it\/tirreno-adriatico-2026-stage-2-preview-del-toro-san-gimignano\/\" \/>\n<meta property=\"og:site_name\" content=\"Isaac del Toro Romero\" \/>\n<meta property=\"article:published_time\" content=\"2026-03-10T06:19:35+00:00\" \/>\n<meta property=\"og:image\" content=\"https:\/\/www.isaac-del-toro.mx\/wp-content\/uploads\/2026\/03\/job-4-20260310071847.png\" \/>\n\t<meta property=\"og:image:width\" content=\"1024\" \/>\n\t<meta property=\"og:image:height\" content=\"1024\" \/>\n\t<meta property=\"og:image:type\" content=\"image\/png\" \/>\n<meta name=\"author\" content=\"Frank\" \/>\n<meta name=\"twitter:card\" content=\"summary_large_image\" \/>\n<meta name=\"twitter:label1\" content=\"Scritto da\" \/>\n\t<meta name=\"twitter:data1\" content=\"Frank\" \/>\n\t<meta name=\"twitter:label2\" content=\"Tempo di lettura stimato\" \/>\n\t<meta name=\"twitter:data2\" content=\"1 minuto\" \/>\n<script type=\"application\/ld+json\" class=\"yoast-schema-graph\">{\"@context\":\"https:\/\/schema.org\",\"@graph\":[{\"@type\":\"Article\",\"@id\":\"https:\/\/www.isaac-del-toro.mx\/it\/tirreno-adriatico-2026-stage-2-preview-del-toro-san-gimignano\/#article\",\"isPartOf\":{\"@id\":\"https:\/\/www.isaac-del-toro.mx\/it\/tirreno-adriatico-2026-stage-2-preview-del-toro-san-gimignano\/\"},\"author\":{\"name\":\"Frank\",\"@id\":\"https:\/\/www.isaac-del-toro.mx\/it\/#\/schema\/person\/dcd12bccf645d7a2112bdb90aa7ff9f2\"},\"headline\":\"Tirreno-Adriatico: Lo Sterrato di San Gimignano Attende Del Toro\",\"datePublished\":\"2026-03-10T06:19:35+00:00\",\"mainEntityOfPage\":{\"@id\":\"https:\/\/www.isaac-del-toro.mx\/it\/tirreno-adriatico-2026-stage-2-preview-del-toro-san-gimignano\/\"},\"wordCount\":232,\"commentCount\":0,\"publisher\":{\"@id\":\"https:\/\/www.isaac-del-toro.mx\/it\/#\/schema\/person\/7cbbcf16bd93d1b98eeb4ab7a1fbd7ba\"},\"image\":{\"@id\":\"https:\/\/www.isaac-del-toro.mx\/it\/tirreno-adriatico-2026-stage-2-preview-del-toro-san-gimignano\/#primaryimage\"},\"thumbnailUrl\":\"https:\/\/www.isaac-del-toro.mx\/wp-content\/uploads\/2026\/03\/job-4-20260310071847.png\",\"articleSection\":[\"Anteprima\"],\"inLanguage\":\"it-IT\",\"potentialAction\":[{\"@type\":\"CommentAction\",\"name\":\"Comment\",\"target\":[\"https:\/\/www.isaac-del-toro.mx\/it\/tirreno-adriatico-2026-stage-2-preview-del-toro-san-gimignano\/#respond\"]}]},{\"@type\":\"WebPage\",\"@id\":\"https:\/\/www.isaac-del-toro.mx\/it\/tirreno-adriatico-2026-stage-2-preview-del-toro-san-gimignano\/\",\"url\":\"https:\/\/www.isaac-del-toro.mx\/it\/tirreno-adriatico-2026-stage-2-preview-del-toro-san-gimignano\/\",\"name\":\"Tirreno-Adriatico: Del Toro sfida lo sterrato di San Gimignano\",\"isPartOf\":{\"@id\":\"https:\/\/www.isaac-del-toro.mx\/it\/#website\"},\"primaryImageOfPage\":{\"@id\":\"https:\/\/www.isaac-del-toro.mx\/it\/tirreno-adriatico-2026-stage-2-preview-del-toro-san-gimignano\/#primaryimage\"},\"image\":{\"@id\":\"https:\/\/www.isaac-del-toro.mx\/it\/tirreno-adriatico-2026-stage-2-preview-del-toro-san-gimignano\/#primaryimage\"},\"thumbnailUrl\":\"https:\/\/www.isaac-del-toro.mx\/wp-content\/uploads\/2026\/03\/job-4-20260310071847.png\",\"datePublished\":\"2026-03-10T06:19:35+00:00\",\"description\":\"La seconda tappa della Tirreno-Adriatico 2026 propone 206 km da Camaiore a San Gimignano, con un'emozionante arrivo in salita su sterrato. Del Toro tra i favoriti.\",\"breadcrumb\":{\"@id\":\"https:\/\/www.isaac-del-toro.mx\/it\/tirreno-adriatico-2026-stage-2-preview-del-toro-san-gimignano\/#breadcrumb\"},\"inLanguage\":\"it-IT\",\"potentialAction\":[{\"@type\":\"ReadAction\",\"target\":[\"https:\/\/www.isaac-del-toro.mx\/it\/tirreno-adriatico-2026-stage-2-preview-del-toro-san-gimignano\/\"]}]},{\"@type\":\"ImageObject\",\"inLanguage\":\"it-IT\",\"@id\":\"https:\/\/www.isaac-del-toro.mx\/it\/tirreno-adriatico-2026-stage-2-preview-del-toro-san-gimignano\/#primaryimage\",\"url\":\"https:\/\/www.isaac-del-toro.mx\/wp-content\/uploads\/2026\/03\/job-4-20260310071847.png\",\"contentUrl\":\"https:\/\/www.isaac-del-toro.mx\/wp-content\/uploads\/2026\/03\/job-4-20260310071847.png\",\"width\":1024,\"height\":1024,\"caption\":\"Ciclista ascendiendo una carretera de grava hacia la cima en San Gimignano, con paisaje toscano de fondo.\"},{\"@type\":\"BreadcrumbList\",\"@id\":\"https:\/\/www.isaac-del-toro.mx\/it\/tirreno-adriatico-2026-stage-2-preview-del-toro-san-gimignano\/#breadcrumb\",\"itemListElement\":[{\"@type\":\"ListItem\",\"position\":1,\"name\":\"Start\",\"item\":\"https:\/\/www.isaac-del-toro.mx\/it\/\"},{\"@type\":\"ListItem\",\"position\":2,\"name\":\"Tirreno-Adriatico: Lo Sterrato di San Gimignano Attende Del Toro\"}]},{\"@type\":\"WebSite\",\"@id\":\"https:\/\/www.isaac-del-toro.mx\/it\/#website\",\"url\":\"https:\/\/www.isaac-del-toro.mx\/it\/\",\"name\":\"Isaac del Toro Romero\",\"description\":\"\",\"publisher\":{\"@id\":\"https:\/\/www.isaac-del-toro.mx\/it\/#\/schema\/person\/7cbbcf16bd93d1b98eeb4ab7a1fbd7ba\"},\"potentialAction\":[{\"@type\":\"SearchAction\",\"target\":{\"@type\":\"EntryPoint\",\"urlTemplate\":\"https:\/\/www.isaac-del-toro.mx\/it\/?s={search_term_string}\"},\"query-input\":{\"@type\":\"PropertyValueSpecification\",\"valueRequired\":true,\"valueName\":\"search_term_string\"}}],\"inLanguage\":\"it-IT\"},{\"@type\":[\"Person\",\"Organization\"],\"@id\":\"https:\/\/www.isaac-del-toro.mx\/it\/#\/schema\/person\/7cbbcf16bd93d1b98eeb4ab7a1fbd7ba\",\"name\":\"Isaac del Toro Romero\",\"logo\":{\"@id\":\"https:\/\/www.isaac-del-toro.mx\/it\/#\/schema\/person\/image\/\"}},{\"@type\":\"Person\",\"@id\":\"https:\/\/www.isaac-del-toro.mx\/it\/#\/schema\/person\/dcd12bccf645d7a2112bdb90aa7ff9f2\",\"name\":\"Frank\",\"sameAs\":[\"https:\/\/www.isaac-del-toro.mx\"],\"url\":\"https:\/\/www.isaac-del-toro.mx\/it\/author\/frank-kuglerwebarbeit-net\/\"}]}<\/script>\n<!-- \/ Yoast SEO plugin. -->","yoast_head_json":{"title":"Tirreno-Adriatico: Del Toro sfida lo sterrato di San Gimignano","description":"La seconda tappa della Tirreno-Adriatico 2026 propone 206 km da Camaiore a San Gimignano, con un'emozionante arrivo in salita su sterrato. Del Toro tra i favoriti.","robots":{"index":"index","follow":"follow","max-snippet":"max-snippet:-1","max-image-preview":"max-image-preview:large","max-video-preview":"max-video-preview:-1"},"canonical":"https:\/\/www.isaac-del-toro.mx\/it\/tirreno-adriatico-2026-stage-2-preview-del-toro-san-gimignano\/","og_locale":"it_IT","og_type":"article","og_title":"Tirreno-Adriatico: Del Toro sfida lo sterrato di San Gimignano","og_description":"La seconda tappa della Tirreno-Adriatico 2026 propone 206 km da Camaiore a San Gimignano, con un'emozionante arrivo in salita su sterrato. Del Toro tra i favoriti.","og_url":"https:\/\/www.isaac-del-toro.mx\/it\/tirreno-adriatico-2026-stage-2-preview-del-toro-san-gimignano\/","og_site_name":"Isaac del Toro Romero","article_published_time":"2026-03-10T06:19:35+00:00","og_image":[{"width":1024,"height":1024,"url":"https:\/\/www.isaac-del-toro.mx\/wp-content\/uploads\/2026\/03\/job-4-20260310071847.png","type":"image\/png"}],"author":"Frank","twitter_card":"summary_large_image","twitter_misc":{"Scritto da":"Frank","Tempo di lettura stimato":"1 minuto"},"schema":{"@context":"https:\/\/schema.org","@graph":[{"@type":"Article","@id":"https:\/\/www.isaac-del-toro.mx\/it\/tirreno-adriatico-2026-stage-2-preview-del-toro-san-gimignano\/#article","isPartOf":{"@id":"https:\/\/www.isaac-del-toro.mx\/it\/tirreno-adriatico-2026-stage-2-preview-del-toro-san-gimignano\/"},"author":{"name":"Frank","@id":"https:\/\/www.isaac-del-toro.mx\/it\/#\/schema\/person\/dcd12bccf645d7a2112bdb90aa7ff9f2"},"headline":"Tirreno-Adriatico: Lo Sterrato di San Gimignano Attende Del Toro","datePublished":"2026-03-10T06:19:35+00:00","mainEntityOfPage":{"@id":"https:\/\/www.isaac-del-toro.mx\/it\/tirreno-adriatico-2026-stage-2-preview-del-toro-san-gimignano\/"},"wordCount":232,"commentCount":0,"publisher":{"@id":"https:\/\/www.isaac-del-toro.mx\/it\/#\/schema\/person\/7cbbcf16bd93d1b98eeb4ab7a1fbd7ba"},"image":{"@id":"https:\/\/www.isaac-del-toro.mx\/it\/tirreno-adriatico-2026-stage-2-preview-del-toro-san-gimignano\/#primaryimage"},"thumbnailUrl":"https:\/\/www.isaac-del-toro.mx\/wp-content\/uploads\/2026\/03\/job-4-20260310071847.png","articleSection":["Anteprima"],"inLanguage":"it-IT","potentialAction":[{"@type":"CommentAction","name":"Comment","target":["https:\/\/www.isaac-del-toro.mx\/it\/tirreno-adriatico-2026-stage-2-preview-del-toro-san-gimignano\/#respond"]}]},{"@type":"WebPage","@id":"https:\/\/www.isaac-del-toro.mx\/it\/tirreno-adriatico-2026-stage-2-preview-del-toro-san-gimignano\/","url":"https:\/\/www.isaac-del-toro.mx\/it\/tirreno-adriatico-2026-stage-2-preview-del-toro-san-gimignano\/","name":"Tirreno-Adriatico: Del Toro sfida lo sterrato di San Gimignano","isPartOf":{"@id":"https:\/\/www.isaac-del-toro.mx\/it\/#website"},"primaryImageOfPage":{"@id":"https:\/\/www.isaac-del-toro.mx\/it\/tirreno-adriatico-2026-stage-2-preview-del-toro-san-gimignano\/#primaryimage"},"image":{"@id":"https:\/\/www.isaac-del-toro.mx\/it\/tirreno-adriatico-2026-stage-2-preview-del-toro-san-gimignano\/#primaryimage"},"thumbnailUrl":"https:\/\/www.isaac-del-toro.mx\/wp-content\/uploads\/2026\/03\/job-4-20260310071847.png","datePublished":"2026-03-10T06:19:35+00:00","description":"La seconda tappa della Tirreno-Adriatico 2026 propone 206 km da Camaiore a San Gimignano, con un'emozionante arrivo in salita su sterrato. Del Toro tra i favoriti.","breadcrumb":{"@id":"https:\/\/www.isaac-del-toro.mx\/it\/tirreno-adriatico-2026-stage-2-preview-del-toro-san-gimignano\/#breadcrumb"},"inLanguage":"it-IT","potentialAction":[{"@type":"ReadAction","target":["https:\/\/www.isaac-del-toro.mx\/it\/tirreno-adriatico-2026-stage-2-preview-del-toro-san-gimignano\/"]}]},{"@type":"ImageObject","inLanguage":"it-IT","@id":"https:\/\/www.isaac-del-toro.mx\/it\/tirreno-adriatico-2026-stage-2-preview-del-toro-san-gimignano\/#primaryimage","url":"https:\/\/www.isaac-del-toro.mx\/wp-content\/uploads\/2026\/03\/job-4-20260310071847.png","contentUrl":"https:\/\/www.isaac-del-toro.mx\/wp-content\/uploads\/2026\/03\/job-4-20260310071847.png","width":1024,"height":1024,"caption":"Ciclista ascendiendo una carretera de grava hacia la cima en San Gimignano, con paisaje toscano de fondo."},{"@type":"BreadcrumbList","@id":"https:\/\/www.isaac-del-toro.mx\/it\/tirreno-adriatico-2026-stage-2-preview-del-toro-san-gimignano\/#breadcrumb","itemListElement":[{"@type":"ListItem","position":1,"name":"Start","item":"https:\/\/www.isaac-del-toro.mx\/it\/"},{"@type":"ListItem","position":2,"name":"Tirreno-Adriatico: Lo Sterrato di San Gimignano Attende Del Toro"}]},{"@type":"WebSite","@id":"https:\/\/www.isaac-del-toro.mx\/it\/#website","url":"https:\/\/www.isaac-del-toro.mx\/it\/","name":"Isaac del Toro Romero","description":"","publisher":{"@id":"https:\/\/www.isaac-del-toro.mx\/it\/#\/schema\/person\/7cbbcf16bd93d1b98eeb4ab7a1fbd7ba"},"potentialAction":[{"@type":"SearchAction","target":{"@type":"EntryPoint","urlTemplate":"https:\/\/www.isaac-del-toro.mx\/it\/?s={search_term_string}"},"query-input":{"@type":"PropertyValueSpecification","valueRequired":true,"valueName":"search_term_string"}}],"inLanguage":"it-IT"},{"@type":["Person","Organization"],"@id":"https:\/\/www.isaac-del-toro.mx\/it\/#\/schema\/person\/7cbbcf16bd93d1b98eeb4ab7a1fbd7ba","name":"Isaac del Toro Romero","logo":{"@id":"https:\/\/www.isaac-del-toro.mx\/it\/#\/schema\/person\/image\/"}},{"@type":"Person","@id":"https:\/\/www.isaac-del-toro.mx\/it\/#\/schema\/person\/dcd12bccf645d7a2112bdb90aa7ff9f2","name":"Frank","sameAs":["https:\/\/www.isaac-del-toro.mx"],"url":"https:\/\/www.isaac-del-toro.mx\/it\/author\/frank-kuglerwebarbeit-net\/"}]}},"_links":{"self":[{"href":"https:\/\/www.isaac-del-toro.mx\/it\/wp-json\/wp\/v2\/posts\/748","targetHints":{"allow":["GET"]}}],"collection":[{"href":"https:\/\/www.isaac-del-toro.mx\/it\/wp-json\/wp\/v2\/posts"}],"about":[{"href":"https:\/\/www.isaac-del-toro.mx\/it\/wp-json\/wp\/v2\/types\/post"}],"author":[{"embeddable":true,"href":"https:\/\/www.isaac-del-toro.mx\/it\/wp-json\/wp\/v2\/users\/1"}],"replies":[{"embeddable":true,"href":"https:\/\/www.isaac-del-toro.mx\/it\/wp-json\/wp\/v2\/comments?post=748"}],"version-history":[{"count":0,"href":"https:\/\/www.isaac-del-toro.mx\/it\/wp-json\/wp\/v2\/posts\/748\/revisions"}],"wp:featuredmedia":[{"embeddable":true,"href":"https:\/\/www.isaac-del-toro.mx\/it\/wp-json\/wp\/v2\/media\/745"}],"wp:attachment":[{"href":"https:\/\/www.isaac-del-toro.mx\/it\/wp-json\/wp\/v2\/media?parent=748"}],"wp:term":[{"taxonomy":"category","embeddable":true,"href":"https:\/\/www.isaac-del-toro.mx\/it\/wp-json\/wp\/v2\/categories?post=748"},{"taxonomy":"post_tag","embeddable":true,"href":"https:\/\/www.isaac-del-toro.mx\/it\/wp-json\/wp\/v2\/tags?post=748"}],"curies":[{"name":"wp","href":"https:\/\/api.w.org\/{rel}","templated":true}]}}