{"id":773,"date":"2026-03-11T02:04:33","date_gmt":"2026-03-11T08:04:33","guid":{"rendered":"https:\/\/www.isaac-del-toro.mx\/del-toro-alla-prova-del-fuoco-tirreno-adriatico-stage-3-preview\/"},"modified":"2026-03-11T02:04:33","modified_gmt":"2026-03-11T08:04:33","slug":"del-toro-alla-prova-del-fuoco-tirreno-adriatico-stage-3-preview","status":"publish","type":"post","link":"https:\/\/www.isaac-del-toro.mx\/it\/del-toro-alla-prova-del-fuoco-tirreno-adriatico-stage-3-preview\/","title":{"rendered":"Del Toro alla prova del fuoco: la terza tappa promette scintille"},"content":{"rendered":"\n<p>Il Tirreno-Adriatico 2026 entra nel vivo con una tappa che potrebbe riscrivere la classifica generale. La terza frazione, che prender\u00e0 il via da Cortona alle 10:40, si preannuncia come una delle pi\u00f9 impegnative della corsa dei due mari, con i suoi 221 chilometri che porteranno il gruppo fino a Magliano de&#8217; Marsi.<\/p>\n\n<h2>Un percorso che promette battaglia<\/h2>\n<p>La tappa odierna presenter\u00e0 un dislivello complessivo di 2.436 metri, con un profilo altimetrico che metter\u00e0 alla prova anche i corridori pi\u00f9 esperti. L&#8217;ostacolo pi\u00f9 significativo sar\u00e0 la salita posta a 40 chilometri dall&#8217;arrivo: 7 chilometri con una pendenza media del 4%. Il finale, con una pendenza dello 0,9% nell&#8217;ultimo chilometro, potrebbe favorire gli scalatori con un buono spunto veloce.<\/p>\n\n<h2>Del Toro: il momento della verit\u00e0<\/h2>\n<p>Il giovane messicano della UAE Team Emirates, Isaac del Toro, avr\u00e0 oggi l&#8217;opportunit\u00e0 di dimostrare le sue qualit\u00e0 su un terreno che sulla carta si adatta perfettamente alle sue caratteristiche. Il finale leggermente in salita potrebbe essere l&#8217;ideale per le sue doti di scalatore veloce, permettendogli di giocarsi le sue carte sia per la vittoria di tappa che per la classifica generale.<\/p>\n\n<h2>La battaglia per la vittoria<\/h2>\n<p>Il percorso di oggi si presenta ideale per corridori completi, capaci di superare le salite e mantenere energie per il finale. Gli occhi saranno puntati non solo su del Toro, ma anche sugli altri protagonisti che potrebbero animare la corsa nel finale di Magliano de&#8217; Marsi.<\/p>\n\n<h2>Diretta TV<\/h2>\n<p>Gli appassionati potranno seguire la tappa a partire dalle 13:05 su Eurosport 2 e HBO Max, per non perdere nemmeno un momento di quella che si preannuncia come una delle frazioni pi\u00f9 emozionanti di questa edizione della Corsa dei Due Mari.<\/p>\n\n<p>Con una distanza considerevole e un profilo altimetrico impegnativo, la tappa di oggi potrebbe regalare grandi sorprese e rivoluzionare la classifica generale. Tutti gli ingredienti ci sono per una giornata di grande ciclismo.<\/p>\n","protected":false},"excerpt":{"rendered":"<p>Il Tirreno-Adriatico 2026 entra nel vivo con una tappa che potrebbe riscrivere la classifica generale. La terza frazione, che prender\u00e0 [&hellip;]<\/p>\n","protected":false},"author":1,"featured_media":770,"comment_status":"open","ping_status":"open","sticky":false,"template":"","format":"standard","meta":{"footnotes":""},"categories":[74],"tags":[],"class_list":["post-773","post","type-post","status-publish","format-standard","has-post-thumbnail","hentry","category-anteprima"],"yoast_head":"<!-- This site is optimized with the Yoast SEO plugin v27.1.1 - https:\/\/yoast.com\/product\/yoast-seo-wordpress\/ -->\n<title>Del Toro affronta la sfida della terza tappa del Tirreno-Adriatico<\/title>\n<meta name=\"description\" content=\"La terza tappa del Tirreno-Adriatico 2026 vedr\u00e0 il messicano Isaac del Toro affrontare 221 km da Cortona a Magliano de&#039; Marsi con un finale adatto agli scalatori veloci.\" \/>\n<meta name=\"robots\" content=\"index, follow, max-snippet:-1, max-image-preview:large, max-video-preview:-1\" \/>\n<link rel=\"canonical\" href=\"https:\/\/www.isaac-del-toro.mx\/it\/del-toro-alla-prova-del-fuoco-tirreno-adriatico-stage-3-preview\/\" \/>\n<meta property=\"og:locale\" content=\"it_IT\" \/>\n<meta property=\"og:type\" content=\"article\" \/>\n<meta property=\"og:title\" content=\"Del Toro affronta la sfida della terza tappa del Tirreno-Adriatico\" \/>\n<meta property=\"og:description\" content=\"La terza tappa del Tirreno-Adriatico 2026 vedr\u00e0 il messicano Isaac del Toro affrontare 221 km da Cortona a Magliano de&#039; Marsi con un finale adatto agli scalatori veloci.\" \/>\n<meta property=\"og:url\" content=\"https:\/\/www.isaac-del-toro.mx\/it\/del-toro-alla-prova-del-fuoco-tirreno-adriatico-stage-3-preview\/\" \/>\n<meta property=\"og:site_name\" content=\"Isaac del Toro Romero\" \/>\n<meta property=\"article:published_time\" content=\"2026-03-11T08:04:33+00:00\" \/>\n<meta property=\"og:image\" content=\"https:\/\/www.isaac-del-toro.mx\/wp-content\/uploads\/2026\/03\/job-6-20260311090334.png\" \/>\n\t<meta property=\"og:image:width\" content=\"1024\" \/>\n\t<meta property=\"og:image:height\" content=\"1024\" \/>\n\t<meta property=\"og:image:type\" content=\"image\/png\" \/>\n<meta name=\"author\" content=\"Frank\" \/>\n<meta name=\"twitter:card\" content=\"summary_large_image\" \/>\n<meta name=\"twitter:label1\" content=\"Scritto da\" \/>\n\t<meta name=\"twitter:data1\" content=\"Frank\" \/>\n\t<meta name=\"twitter:label2\" content=\"Tempo di lettura stimato\" \/>\n\t<meta name=\"twitter:data2\" content=\"2 minuti\" \/>\n<script type=\"application\/ld+json\" class=\"yoast-schema-graph\">{\"@context\":\"https:\/\/schema.org\",\"@graph\":[{\"@type\":\"Article\",\"@id\":\"https:\/\/www.isaac-del-toro.mx\/it\/del-toro-alla-prova-del-fuoco-tirreno-adriatico-stage-3-preview\/#article\",\"isPartOf\":{\"@id\":\"https:\/\/www.isaac-del-toro.mx\/it\/del-toro-alla-prova-del-fuoco-tirreno-adriatico-stage-3-preview\/\"},\"author\":{\"name\":\"Frank\",\"@id\":\"https:\/\/www.isaac-del-toro.mx\/it\/#\/schema\/person\/dcd12bccf645d7a2112bdb90aa7ff9f2\"},\"headline\":\"Del Toro alla prova del fuoco: la terza tappa promette scintille\",\"datePublished\":\"2026-03-11T08:04:33+00:00\",\"mainEntityOfPage\":{\"@id\":\"https:\/\/www.isaac-del-toro.mx\/it\/del-toro-alla-prova-del-fuoco-tirreno-adriatico-stage-3-preview\/\"},\"wordCount\":318,\"commentCount\":0,\"publisher\":{\"@id\":\"https:\/\/www.isaac-del-toro.mx\/it\/#\/schema\/person\/7cbbcf16bd93d1b98eeb4ab7a1fbd7ba\"},\"image\":{\"@id\":\"https:\/\/www.isaac-del-toro.mx\/it\/del-toro-alla-prova-del-fuoco-tirreno-adriatico-stage-3-preview\/#primaryimage\"},\"thumbnailUrl\":\"https:\/\/www.isaac-del-toro.mx\/wp-content\/uploads\/2026\/03\/job-6-20260311090334.png\",\"articleSection\":[\"Anteprima\"],\"inLanguage\":\"it-IT\",\"potentialAction\":[{\"@type\":\"CommentAction\",\"name\":\"Comment\",\"target\":[\"https:\/\/www.isaac-del-toro.mx\/it\/del-toro-alla-prova-del-fuoco-tirreno-adriatico-stage-3-preview\/#respond\"]}]},{\"@type\":\"WebPage\",\"@id\":\"https:\/\/www.isaac-del-toro.mx\/it\/del-toro-alla-prova-del-fuoco-tirreno-adriatico-stage-3-preview\/\",\"url\":\"https:\/\/www.isaac-del-toro.mx\/it\/del-toro-alla-prova-del-fuoco-tirreno-adriatico-stage-3-preview\/\",\"name\":\"Del Toro affronta la sfida della terza tappa del Tirreno-Adriatico\",\"isPartOf\":{\"@id\":\"https:\/\/www.isaac-del-toro.mx\/it\/#website\"},\"primaryImageOfPage\":{\"@id\":\"https:\/\/www.isaac-del-toro.mx\/it\/del-toro-alla-prova-del-fuoco-tirreno-adriatico-stage-3-preview\/#primaryimage\"},\"image\":{\"@id\":\"https:\/\/www.isaac-del-toro.mx\/it\/del-toro-alla-prova-del-fuoco-tirreno-adriatico-stage-3-preview\/#primaryimage\"},\"thumbnailUrl\":\"https:\/\/www.isaac-del-toro.mx\/wp-content\/uploads\/2026\/03\/job-6-20260311090334.png\",\"datePublished\":\"2026-03-11T08:04:33+00:00\",\"description\":\"La terza tappa del Tirreno-Adriatico 2026 vedr\u00e0 il messicano Isaac del Toro affrontare 221 km da Cortona a Magliano de' Marsi con un finale adatto agli scalatori veloci.\",\"breadcrumb\":{\"@id\":\"https:\/\/www.isaac-del-toro.mx\/it\/del-toro-alla-prova-del-fuoco-tirreno-adriatico-stage-3-preview\/#breadcrumb\"},\"inLanguage\":\"it-IT\",\"potentialAction\":[{\"@type\":\"ReadAction\",\"target\":[\"https:\/\/www.isaac-del-toro.mx\/it\/del-toro-alla-prova-del-fuoco-tirreno-adriatico-stage-3-preview\/\"]}]},{\"@type\":\"ImageObject\",\"inLanguage\":\"it-IT\",\"@id\":\"https:\/\/www.isaac-del-toro.mx\/it\/del-toro-alla-prova-del-fuoco-tirreno-adriatico-stage-3-preview\/#primaryimage\",\"url\":\"https:\/\/www.isaac-del-toro.mx\/wp-content\/uploads\/2026\/03\/job-6-20260311090334.png\",\"contentUrl\":\"https:\/\/www.isaac-del-toro.mx\/wp-content\/uploads\/2026\/03\/job-6-20260311090334.png\",\"width\":1024,\"height\":1024,\"caption\":\"Isaac del Toro lidera un grupo de ciclistas en una carretera de monta\u00f1a durante la tercera etapa del Tirreno-Adri\u00e1tico 2026.\"},{\"@type\":\"BreadcrumbList\",\"@id\":\"https:\/\/www.isaac-del-toro.mx\/it\/del-toro-alla-prova-del-fuoco-tirreno-adriatico-stage-3-preview\/#breadcrumb\",\"itemListElement\":[{\"@type\":\"ListItem\",\"position\":1,\"name\":\"Start\",\"item\":\"https:\/\/www.isaac-del-toro.mx\/it\/\"},{\"@type\":\"ListItem\",\"position\":2,\"name\":\"Del Toro alla prova del fuoco: la terza tappa promette scintille\"}]},{\"@type\":\"WebSite\",\"@id\":\"https:\/\/www.isaac-del-toro.mx\/it\/#website\",\"url\":\"https:\/\/www.isaac-del-toro.mx\/it\/\",\"name\":\"Isaac del Toro Romero\",\"description\":\"\",\"publisher\":{\"@id\":\"https:\/\/www.isaac-del-toro.mx\/it\/#\/schema\/person\/7cbbcf16bd93d1b98eeb4ab7a1fbd7ba\"},\"potentialAction\":[{\"@type\":\"SearchAction\",\"target\":{\"@type\":\"EntryPoint\",\"urlTemplate\":\"https:\/\/www.isaac-del-toro.mx\/it\/?s={search_term_string}\"},\"query-input\":{\"@type\":\"PropertyValueSpecification\",\"valueRequired\":true,\"valueName\":\"search_term_string\"}}],\"inLanguage\":\"it-IT\"},{\"@type\":[\"Person\",\"Organization\"],\"@id\":\"https:\/\/www.isaac-del-toro.mx\/it\/#\/schema\/person\/7cbbcf16bd93d1b98eeb4ab7a1fbd7ba\",\"name\":\"Isaac del Toro Romero\",\"logo\":{\"@id\":\"https:\/\/www.isaac-del-toro.mx\/it\/#\/schema\/person\/image\/\"}},{\"@type\":\"Person\",\"@id\":\"https:\/\/www.isaac-del-toro.mx\/it\/#\/schema\/person\/dcd12bccf645d7a2112bdb90aa7ff9f2\",\"name\":\"Frank\",\"sameAs\":[\"https:\/\/www.isaac-del-toro.mx\"],\"url\":\"https:\/\/www.isaac-del-toro.mx\/it\/author\/frank-kuglerwebarbeit-net\/\"}]}<\/script>\n<!-- \/ Yoast SEO plugin. -->","yoast_head_json":{"title":"Del Toro affronta la sfida della terza tappa del Tirreno-Adriatico","description":"La terza tappa del Tirreno-Adriatico 2026 vedr\u00e0 il messicano Isaac del Toro affrontare 221 km da Cortona a Magliano de' Marsi con un finale adatto agli scalatori veloci.","robots":{"index":"index","follow":"follow","max-snippet":"max-snippet:-1","max-image-preview":"max-image-preview:large","max-video-preview":"max-video-preview:-1"},"canonical":"https:\/\/www.isaac-del-toro.mx\/it\/del-toro-alla-prova-del-fuoco-tirreno-adriatico-stage-3-preview\/","og_locale":"it_IT","og_type":"article","og_title":"Del Toro affronta la sfida della terza tappa del Tirreno-Adriatico","og_description":"La terza tappa del Tirreno-Adriatico 2026 vedr\u00e0 il messicano Isaac del Toro affrontare 221 km da Cortona a Magliano de' Marsi con un finale adatto agli scalatori veloci.","og_url":"https:\/\/www.isaac-del-toro.mx\/it\/del-toro-alla-prova-del-fuoco-tirreno-adriatico-stage-3-preview\/","og_site_name":"Isaac del Toro Romero","article_published_time":"2026-03-11T08:04:33+00:00","og_image":[{"url":"https:\/\/www.isaac-del-toro.mx\/wp-content\/uploads\/2026\/03\/job-6-20260311090334.png","width":1024,"height":1024,"type":"image\/png"}],"author":"Frank","twitter_card":"summary_large_image","twitter_misc":{"Scritto da":"Frank","Tempo di lettura stimato":"2 minuti"},"schema":{"@context":"https:\/\/schema.org","@graph":[{"@type":"Article","@id":"https:\/\/www.isaac-del-toro.mx\/it\/del-toro-alla-prova-del-fuoco-tirreno-adriatico-stage-3-preview\/#article","isPartOf":{"@id":"https:\/\/www.isaac-del-toro.mx\/it\/del-toro-alla-prova-del-fuoco-tirreno-adriatico-stage-3-preview\/"},"author":{"name":"Frank","@id":"https:\/\/www.isaac-del-toro.mx\/it\/#\/schema\/person\/dcd12bccf645d7a2112bdb90aa7ff9f2"},"headline":"Del Toro alla prova del fuoco: la terza tappa promette scintille","datePublished":"2026-03-11T08:04:33+00:00","mainEntityOfPage":{"@id":"https:\/\/www.isaac-del-toro.mx\/it\/del-toro-alla-prova-del-fuoco-tirreno-adriatico-stage-3-preview\/"},"wordCount":318,"commentCount":0,"publisher":{"@id":"https:\/\/www.isaac-del-toro.mx\/it\/#\/schema\/person\/7cbbcf16bd93d1b98eeb4ab7a1fbd7ba"},"image":{"@id":"https:\/\/www.isaac-del-toro.mx\/it\/del-toro-alla-prova-del-fuoco-tirreno-adriatico-stage-3-preview\/#primaryimage"},"thumbnailUrl":"https:\/\/www.isaac-del-toro.mx\/wp-content\/uploads\/2026\/03\/job-6-20260311090334.png","articleSection":["Anteprima"],"inLanguage":"it-IT","potentialAction":[{"@type":"CommentAction","name":"Comment","target":["https:\/\/www.isaac-del-toro.mx\/it\/del-toro-alla-prova-del-fuoco-tirreno-adriatico-stage-3-preview\/#respond"]}]},{"@type":"WebPage","@id":"https:\/\/www.isaac-del-toro.mx\/it\/del-toro-alla-prova-del-fuoco-tirreno-adriatico-stage-3-preview\/","url":"https:\/\/www.isaac-del-toro.mx\/it\/del-toro-alla-prova-del-fuoco-tirreno-adriatico-stage-3-preview\/","name":"Del Toro affronta la sfida della terza tappa del Tirreno-Adriatico","isPartOf":{"@id":"https:\/\/www.isaac-del-toro.mx\/it\/#website"},"primaryImageOfPage":{"@id":"https:\/\/www.isaac-del-toro.mx\/it\/del-toro-alla-prova-del-fuoco-tirreno-adriatico-stage-3-preview\/#primaryimage"},"image":{"@id":"https:\/\/www.isaac-del-toro.mx\/it\/del-toro-alla-prova-del-fuoco-tirreno-adriatico-stage-3-preview\/#primaryimage"},"thumbnailUrl":"https:\/\/www.isaac-del-toro.mx\/wp-content\/uploads\/2026\/03\/job-6-20260311090334.png","datePublished":"2026-03-11T08:04:33+00:00","description":"La terza tappa del Tirreno-Adriatico 2026 vedr\u00e0 il messicano Isaac del Toro affrontare 221 km da Cortona a Magliano de' Marsi con un finale adatto agli scalatori veloci.","breadcrumb":{"@id":"https:\/\/www.isaac-del-toro.mx\/it\/del-toro-alla-prova-del-fuoco-tirreno-adriatico-stage-3-preview\/#breadcrumb"},"inLanguage":"it-IT","potentialAction":[{"@type":"ReadAction","target":["https:\/\/www.isaac-del-toro.mx\/it\/del-toro-alla-prova-del-fuoco-tirreno-adriatico-stage-3-preview\/"]}]},{"@type":"ImageObject","inLanguage":"it-IT","@id":"https:\/\/www.isaac-del-toro.mx\/it\/del-toro-alla-prova-del-fuoco-tirreno-adriatico-stage-3-preview\/#primaryimage","url":"https:\/\/www.isaac-del-toro.mx\/wp-content\/uploads\/2026\/03\/job-6-20260311090334.png","contentUrl":"https:\/\/www.isaac-del-toro.mx\/wp-content\/uploads\/2026\/03\/job-6-20260311090334.png","width":1024,"height":1024,"caption":"Isaac del Toro lidera un grupo de ciclistas en una carretera de monta\u00f1a durante la tercera etapa del Tirreno-Adri\u00e1tico 2026."},{"@type":"BreadcrumbList","@id":"https:\/\/www.isaac-del-toro.mx\/it\/del-toro-alla-prova-del-fuoco-tirreno-adriatico-stage-3-preview\/#breadcrumb","itemListElement":[{"@type":"ListItem","position":1,"name":"Start","item":"https:\/\/www.isaac-del-toro.mx\/it\/"},{"@type":"ListItem","position":2,"name":"Del Toro alla prova del fuoco: la terza tappa promette scintille"}]},{"@type":"WebSite","@id":"https:\/\/www.isaac-del-toro.mx\/it\/#website","url":"https:\/\/www.isaac-del-toro.mx\/it\/","name":"Isaac del Toro Romero","description":"","publisher":{"@id":"https:\/\/www.isaac-del-toro.mx\/it\/#\/schema\/person\/7cbbcf16bd93d1b98eeb4ab7a1fbd7ba"},"potentialAction":[{"@type":"SearchAction","target":{"@type":"EntryPoint","urlTemplate":"https:\/\/www.isaac-del-toro.mx\/it\/?s={search_term_string}"},"query-input":{"@type":"PropertyValueSpecification","valueRequired":true,"valueName":"search_term_string"}}],"inLanguage":"it-IT"},{"@type":["Person","Organization"],"@id":"https:\/\/www.isaac-del-toro.mx\/it\/#\/schema\/person\/7cbbcf16bd93d1b98eeb4ab7a1fbd7ba","name":"Isaac del Toro Romero","logo":{"@id":"https:\/\/www.isaac-del-toro.mx\/it\/#\/schema\/person\/image\/"}},{"@type":"Person","@id":"https:\/\/www.isaac-del-toro.mx\/it\/#\/schema\/person\/dcd12bccf645d7a2112bdb90aa7ff9f2","name":"Frank","sameAs":["https:\/\/www.isaac-del-toro.mx"],"url":"https:\/\/www.isaac-del-toro.mx\/it\/author\/frank-kuglerwebarbeit-net\/"}]}},"_links":{"self":[{"href":"https:\/\/www.isaac-del-toro.mx\/it\/wp-json\/wp\/v2\/posts\/773","targetHints":{"allow":["GET"]}}],"collection":[{"href":"https:\/\/www.isaac-del-toro.mx\/it\/wp-json\/wp\/v2\/posts"}],"about":[{"href":"https:\/\/www.isaac-del-toro.mx\/it\/wp-json\/wp\/v2\/types\/post"}],"author":[{"embeddable":true,"href":"https:\/\/www.isaac-del-toro.mx\/it\/wp-json\/wp\/v2\/users\/1"}],"replies":[{"embeddable":true,"href":"https:\/\/www.isaac-del-toro.mx\/it\/wp-json\/wp\/v2\/comments?post=773"}],"version-history":[{"count":0,"href":"https:\/\/www.isaac-del-toro.mx\/it\/wp-json\/wp\/v2\/posts\/773\/revisions"}],"wp:featuredmedia":[{"embeddable":true,"href":"https:\/\/www.isaac-del-toro.mx\/it\/wp-json\/wp\/v2\/media\/770"}],"wp:attachment":[{"href":"https:\/\/www.isaac-del-toro.mx\/it\/wp-json\/wp\/v2\/media?parent=773"}],"wp:term":[{"taxonomy":"category","embeddable":true,"href":"https:\/\/www.isaac-del-toro.mx\/it\/wp-json\/wp\/v2\/categories?post=773"},{"taxonomy":"post_tag","embeddable":true,"href":"https:\/\/www.isaac-del-toro.mx\/it\/wp-json\/wp\/v2\/tags?post=773"}],"curies":[{"name":"wp","href":"https:\/\/api.w.org\/{rel}","templated":true}]}}